{"id":95220,"date":"2023-02-21T19:03:41","date_gmt":"2023-02-22T01:03:41","guid":{"rendered":"https:\/\/nvnoticias.mx\/?p=95220"},"modified":"2023-02-21T19:04:32","modified_gmt":"2023-02-22T01:04:32","slug":"tuca-ferretti-sera-nuevo-tecnico-del-cruz-azul","status":"publish","type":"post","link":"https:\/\/nvnoticias.mx\/index.php\/2023\/02\/21\/tuca-ferretti-sera-nuevo-tecnico-del-cruz-azul\/","title":{"rendered":"&#8216;Tuca&#8217; Ferretti ser\u00e1 nuevo t\u00e9cnico del Cruz Azul"},"content":{"rendered":"\n<p>Ricardo Ferretti, ser\u00e1 anunciado como nuevo entrenador de Cruz Azul, y ser\u00e1 el relevo del Potro Guti\u00e9rrez, quien dej\u00f3 al equipo hace un par de jornadas.<\/p>\n\n\n\n<figure class=\"wp-block-embed aligncenter is-type-rich is-provider-twitter wp-block-embed-twitter\"><div class=\"wp-block-embed__wrapper\">\n<blockquote class=\"twitter-tweet\" data-width=\"550\" data-dnt=\"true\"><p lang=\"es\" dir=\"ltr\">Informe: Ricardo \u201cEl Tuca\u201d Ferreti es el nuevo entrenador de Cruz Azul. Ma\u00f1ana firmar\u00e1 un contrato por tres a\u00f1os\u2026<\/p>&mdash; David Faitelson (@Faitelson_ESPN) <a href=\"https:\/\/twitter.com\/Faitelson_ESPN\/status\/1628178239049850881?ref_src=twsrc%5Etfw\">February 21, 2023<\/a><\/blockquote><script async src=\"https:\/\/platform.twitter.com\/widgets.js\" charset=\"utf-8\"><\/script>\n<\/div><\/figure>\n\n\n\n<p>El Tuca llegar\u00e1 al equipo por tres a\u00f1os, y estar\u00e1 con Memo V\u00e1zquez como auxiliar y se queda Joaqu\u00edn Moreno en el equipo de trabajo.<\/p>\n\n\n\n<figure class=\"wp-block-embed aligncenter is-type-rich is-provider-twitter wp-block-embed-twitter\"><div class=\"wp-block-embed__wrapper\">\n<blockquote class=\"twitter-tweet\" data-width=\"550\" data-dnt=\"true\"><p lang=\"es\" dir=\"ltr\">Ricardo Ferreti llega a Cruz Azul con Guillermo V\u00e1zquez. Joaqu\u00edn Moreno se quedar\u00eda como auxiliar.<br>Oscar \u201cEl Conejo\u201d P\u00e9rez tomar\u00e1 la direcci\u00f3n deportiva de \u201cLa Maquina\u201d\u2026<\/p>&mdash; David Faitelson (@Faitelson_ESPN) <a href=\"https:\/\/twitter.com\/Faitelson_ESPN\/status\/1628183924915548161?ref_src=twsrc%5Etfw\">February 22, 2023<\/a><\/blockquote><script async src=\"https:\/\/platform.twitter.com\/widgets.js\" charset=\"utf-8\"><\/script>\n<\/div><\/figure>\n\n\n\n<p>La directiva de La M\u00e1quina encabezada por\u00a0V\u00edctor Vel\u00e1zquez\u00a0charl\u00f3 con todos los candidatos, entre ellos Hugo S\u00e1nchez y\u00a0Antonio \u2018Turco\u2019 Mohamed, y tras unos d\u00edas de an\u00e1lisis se decant\u00f3 por Ferretti.<\/p>\n\n\n\n<p><\/p>\n","protected":false},"excerpt":{"rendered":"<p>Ricardo Ferretti, ser\u00e1 anunciado como nuevo entrenador de Cruz Azul, y ser\u00e1 el relevo del Potro Guti\u00e9rrez, quien dej\u00f3 al equipo hace un par de jornadas. El Tuca llegar\u00e1 al equipo por tres a\u00f1os, y estar\u00e1 con Memo V\u00e1zquez como auxiliar y se queda Joaqu\u00edn Moreno en el equipo de trabajo. La directiva de La [&hellip;]<\/p>\n","protected":false},"author":8,"featured_media":95222,"comment_status":"open","ping_status":"open","sticky":false,"template":"","format":"standard","meta":{"_monsterinsights_skip_tracking":false,"_monsterinsights_sitenote_active":false,"_monsterinsights_sitenote_note":"","_monsterinsights_sitenote_category":0,"footnotes":""},"categories":[159],"tags":[361,917,1306],"class_list":["post-95220","post","type-post","status-publish","format-standard","has-post-thumbnail","hentry","category-deportes","tag-cruz-azul","tag-liga-mx","tag-tuca-ferreti","wp-image-borders"],"amp_enabled":true,"_links":{"self":[{"href":"https:\/\/nvnoticias.mx\/index.php\/wp-json\/wp\/v2\/posts\/95220","targetHints":{"allow":["GET"]}}],"collection":[{"href":"https:\/\/nvnoticias.mx\/index.php\/wp-json\/wp\/v2\/posts"}],"about":[{"href":"https:\/\/nvnoticias.mx\/index.php\/wp-json\/wp\/v2\/types\/post"}],"author":[{"embeddable":true,"href":"https:\/\/nvnoticias.mx\/index.php\/wp-json\/wp\/v2\/users\/8"}],"replies":[{"embeddable":true,"href":"https:\/\/nvnoticias.mx\/index.php\/wp-json\/wp\/v2\/comments?post=95220"}],"version-history":[{"count":2,"href":"https:\/\/nvnoticias.mx\/index.php\/wp-json\/wp\/v2\/posts\/95220\/revisions"}],"predecessor-version":[{"id":95224,"href":"https:\/\/nvnoticias.mx\/index.php\/wp-json\/wp\/v2\/posts\/95220\/revisions\/95224"}],"wp:featuredmedia":[{"embeddable":true,"href":"https:\/\/nvnoticias.mx\/index.php\/wp-json\/wp\/v2\/media\/95222"}],"wp:attachment":[{"href":"https:\/\/nvnoticias.mx\/index.php\/wp-json\/wp\/v2\/media?parent=95220"}],"wp:term":[{"taxonomy":"category","embeddable":true,"href":"https:\/\/nvnoticias.mx\/index.php\/wp-json\/wp\/v2\/categories?post=95220"},{"taxonomy":"post_tag","embeddable":true,"href":"https:\/\/nvnoticias.mx\/index.php\/wp-json\/wp\/v2\/tags?post=95220"}],"curies":[{"name":"wp","href":"https:\/\/api.w.org\/{rel}","templated":true}]}}