{"id":95190,"date":"2023-02-21T16:16:26","date_gmt":"2023-02-21T22:16:26","guid":{"rendered":"https:\/\/nvnoticias.mx\/?p=95190"},"modified":"2023-02-21T16:40:43","modified_gmt":"2023-02-21T22:40:43","slug":"paty-lobeira-de-yunes-ofrece-a-tesla-todas-las-facilidades-para-instalarse-en-veracruz","status":"publish","type":"post","link":"https:\/\/nvnoticias.mx\/index.php\/2023\/02\/21\/paty-lobeira-de-yunes-ofrece-a-tesla-todas-las-facilidades-para-instalarse-en-veracruz\/","title":{"rendered":"Ofrece Paty Lobeira a TESLA todas las facilidades para instalarse en Veracruz"},"content":{"rendered":"\n<p>Veracruz, Ver., 21 de febrero de 2023.- Ante el planteamiento del presidente Andr\u00e9s Manuel L\u00f3pez Obrador de que una f\u00e1brica de autos el\u00e9ctricos Tesla se ubique en el sureste del pa\u00eds, la alcaldesa Paty Lobeira de Yunes levanta la mano y ofrece todas las facilidades para que esta gigantesca planta se instale en el municipio.<\/p>\n\n\n\n<p>Afirm\u00f3 que el Puerto de Veracruz ofrece una geolocalizaci\u00f3n privilegiada para el traslado de mercanc\u00edas a todo el pa\u00eds y al extranjero.<\/p>\n\n\n\n<p>Adem\u00e1s, dijo que por el Puerto llega tecnolog\u00eda de todo el mundo, por lo que la llegada de sus piezas y herramientas ser\u00e1 un proceso sencillo y a menor costo comparado con otras ciudades.<\/p>\n\n\n\n<blockquote class=\"wp-block-quote is-layout-flow wp-block-quote-is-layout-flow\"><p>\u201c<em>Contamos con la infraestructura portuaria m\u00e1s importante de todo el sureste mexicano, tenemos las instalaciones id\u00f3neas y personal calificado para el traslado de veh\u00edculos, tan es as\u00ed, que ya superamos los 40 a\u00f1os de experiencia transportando autom\u00f3viles hacia los Estados Unidos, Europa y Sudam\u00e9rica<\/em>\u201d, inform\u00f3.<\/p><\/blockquote>\n\n\n\n<p>La Alcaldesa manifest\u00f3 que el municipio es tambi\u00e9n rico en recursos naturales. \u201cTenemos agua y energ\u00eda el\u00e9ctrica suficientes y reunimos las condiciones \u00f3ptimas para que la f\u00e1brica de autos trabaje los 365 d\u00edas del a\u00f1o sin interrupciones\u201d, dijo.<\/p>\n\n\n\n<p>Subray\u00f3 que su administraci\u00f3n est\u00e1 comprometida en proporcionar los mejores servicios p\u00fablicos creando las condiciones id\u00f3neas para el desarrollo de toda industria. \u201cY sobre todo, encontrar\u00e1n en nuestro municipio fuerza de trabajo sinigual; las y los veracruzanos somos gente capaz y alegre que cree en la cultura del esfuerzo\u201d, dijo.<\/p>\n\n\n\n<p>Reafirm\u00f3 que Veracruz tiene todo lo necesario para que Tesla se establezca, funcione y alcance su mayor potencial; y una prueba de ello es que la f\u00e1brica de cerveza multinacional Constellation Brands se est\u00e1 instalando con \u00e9xito en el municipio.<\/p>\n\n\n\n<blockquote class=\"wp-block-quote is-layout-flow wp-block-quote-is-layout-flow\"><p>\u201c<em>Contactaremos a TESLA para invitarlos formalmente a que conozcan todos los beneficios que nuestra tierra ofrece<\/em>\u201d, inform\u00f3 la alcaldesa Paty Lobeira de Yunes.<\/p><\/blockquote>\n\n\n\n<figure class=\"wp-block-video aligncenter\"><video controls src=\"https:\/\/nvnoticias.mx\/wp-content\/uploads\/2023\/02\/WhatsApp-Video-2023-02-21-at-3.55.30-PM-1.mp4\"><\/video><\/figure>\n\n\n\n<p><\/p>\n","protected":false},"excerpt":{"rendered":"<p>Veracruz, Ver., 21 de febrero de 2023.- Ante el planteamiento del presidente Andr\u00e9s Manuel L\u00f3pez Obrador de que una f\u00e1brica de autos el\u00e9ctricos Tesla se ubique en el sureste del pa\u00eds, la alcaldesa Paty Lobeira de Yunes levanta la mano y ofrece todas las facilidades para que esta gigantesca planta se instale en el municipio. [&hellip;]<\/p>\n","protected":false},"author":8,"featured_media":95191,"comment_status":"open","ping_status":"open","sticky":false,"template":"","format":"standard","meta":{"_monsterinsights_skip_tracking":false,"_monsterinsights_sitenote_active":false,"_monsterinsights_sitenote_note":"","_monsterinsights_sitenote_category":0,"footnotes":""},"categories":[154],"tags":[4258,2760,162,280],"class_list":["post-95190","post","type-post","status-publish","format-standard","has-post-thumbnail","hentry","category-veracruz","tag-paty-lobeira-de-yunes","tag-planta","tag-portada","tag-tesla","wp-image-borders"],"amp_enabled":true,"_links":{"self":[{"href":"https:\/\/nvnoticias.mx\/index.php\/wp-json\/wp\/v2\/posts\/95190","targetHints":{"allow":["GET"]}}],"collection":[{"href":"https:\/\/nvnoticias.mx\/index.php\/wp-json\/wp\/v2\/posts"}],"about":[{"href":"https:\/\/nvnoticias.mx\/index.php\/wp-json\/wp\/v2\/types\/post"}],"author":[{"embeddable":true,"href":"https:\/\/nvnoticias.mx\/index.php\/wp-json\/wp\/v2\/users\/8"}],"replies":[{"embeddable":true,"href":"https:\/\/nvnoticias.mx\/index.php\/wp-json\/wp\/v2\/comments?post=95190"}],"version-history":[{"count":3,"href":"https:\/\/nvnoticias.mx\/index.php\/wp-json\/wp\/v2\/posts\/95190\/revisions"}],"predecessor-version":[{"id":95210,"href":"https:\/\/nvnoticias.mx\/index.php\/wp-json\/wp\/v2\/posts\/95190\/revisions\/95210"}],"wp:featuredmedia":[{"embeddable":true,"href":"https:\/\/nvnoticias.mx\/index.php\/wp-json\/wp\/v2\/media\/95191"}],"wp:attachment":[{"href":"https:\/\/nvnoticias.mx\/index.php\/wp-json\/wp\/v2\/media?parent=95190"}],"wp:term":[{"taxonomy":"category","embeddable":true,"href":"https:\/\/nvnoticias.mx\/index.php\/wp-json\/wp\/v2\/categories?post=95190"},{"taxonomy":"post_tag","embeddable":true,"href":"https:\/\/nvnoticias.mx\/index.php\/wp-json\/wp\/v2\/tags?post=95190"}],"curies":[{"name":"wp","href":"https:\/\/api.w.org\/{rel}","templated":true}]}}