{"id":95185,"date":"2023-02-21T16:09:29","date_gmt":"2023-02-21T22:09:29","guid":{"rendered":"https:\/\/nvnoticias.mx\/?p=95185"},"modified":"2023-02-21T16:09:31","modified_gmt":"2023-02-21T22:09:31","slug":"rebajo-la-fiscalia-la-acusacion-contra-alec-baldwin","status":"publish","type":"post","link":"https:\/\/nvnoticias.mx\/index.php\/2023\/02\/21\/rebajo-la-fiscalia-la-acusacion-contra-alec-baldwin\/","title":{"rendered":"Rebaj\u00f3 la fiscal\u00eda la acusaci\u00f3n contra Alec Baldwin"},"content":{"rendered":"\n<p>La fiscal\u00eda rebaj\u00f3 los cargos de homicidio involuntario contra&nbsp;<strong>Alec Baldwin<\/strong>, y con ello la posible pena de prisi\u00f3n que podr\u00eda enfrentar la estrella de Hollywood por el tiroteo mortal de 2021 en el rodaje de la pel\u00edcula \u201cRust\u201d, seg\u00fan los documentos de acusaci\u00f3n.<\/p>\n\n\n\n<p>La fiscal del Primer Distrito Judicial de Nuevo M\u00e9xico,&nbsp;<strong>Mary Carmack-Altwies<\/strong>, hab\u00eda acusado el mes pasado a Baldwin y a la armera del set de rodaje,&nbsp;<strong>Hannah Gutierrez-Reed<\/strong>, de dos cargos de homicidio involuntario por la muerte de la directora de fotograf\u00eda&nbsp;<strong>Halyna Hutchins<\/strong>. El cargo m\u00e1s grave conllevaba una posible pena de prisi\u00f3n de<strong>&nbsp;cinco a\u00f1os.<\/strong><\/p>\n\n\n\n<p>Carmack-Altwies present\u00f3 el viernes cargos modificados para Baldwin y Guti\u00e9rrez-Reed,\u00a0<strong>eliminando un agravante por el uso de arma de fuego para delinquir<\/strong>, lo que\u00a0<strong>reduce la posible pena de prisi\u00f3n de un m\u00ednimo de cinco a\u00f1os a un m\u00e1ximo de 18 meses.<\/strong> <\/p>\n\n\n\n<blockquote class=\"wp-block-quote is-layout-flow wp-block-quote-is-layout-flow\"><p>\u201cCon el fin de evitar m\u00e1s distracciones litigiosas por parte del se\u00f1or Baldwin y sus abogados, el fiscal de distrito y el fiscal especial han eliminado el\u00a0<strong>agravante\u00a0<\/strong>por uso de arma de fuego de los cargos de homicidio involuntario por la muerte de Halyna Hutchins\u201d, dijo en un comunicado Heather Brewer, portavoz del Primer Fiscal de Distrito Judicial de Nuevo M\u00e9xico.<\/p><\/blockquote>\n\n\n\n<blockquote class=\"wp-block-quote is-layout-flow wp-block-quote-is-layout-flow\"><p>&#8220;Aplaudimos la decisi\u00f3n del fiscal de distrito de desestimar el agravante de uso ilegal de arma de fuego. Fue la decisi\u00f3n correcta, \u00e9ticamente, y en los m\u00e9ritos&#8221;, dijo Jason Bowles, un abogado de Guti\u00e9rrez-Reed.<\/p><\/blockquote>\n\n\n\n<p>El actor de \u201c30 Rock\u201d\u00a0<strong>ha negado su responsabilidad<\/strong>\u00a0en el hecho, que se produjo cuando un rev\u00f3lver con el que estaba ensayando dispar\u00f3 una bala real que mat\u00f3 a Hutchins.<\/p>\n\n\n\n<p>Baldwin ha dicho que amartill\u00f3 el rev\u00f3lver pero nunca apret\u00f3 el gatillo y que era tarea de Guti\u00e9rrez-Reed y de otros profesionales de las armas asegurarse que estaba descargado.<\/p>\n\n\n\n<p>El 7 de diciembre, Guti\u00e9rrez-Reed declar\u00f3 ante la agencia de seguridad laboral de Nuevo M\u00e9xico (OSHA) que el episodio podr\u00eda haberse evitado si hubiese dispuesto de m\u00e1s tiempo para preparar a Baldwin.<\/p>\n\n\n\n<p>Guti\u00e9rrez-Reed dijo que Baldwin utilizaba el rev\u00f3lver \u201c<strong>de forma incorrecta<\/strong>\u201d.<\/p>\n\n\n\n<p>Fuente: <a href=\"https:\/\/www.infobae.com\/america\/entretenimiento\/2023\/02\/20\/la-fiscalia-decidio-rebajar-la-acusacion-contra-alec-baldwin-cuanto-tiempo-podria-pasar-enprision\/\" data-type=\"URL\" data-id=\"https:\/\/www.infobae.com\/america\/entretenimiento\/2023\/02\/20\/la-fiscalia-decidio-rebajar-la-acusacion-contra-alec-baldwin-cuanto-tiempo-podria-pasar-enprision\/\">Infobae<\/a><\/p>\n","protected":false},"excerpt":{"rendered":"<p>La fiscal\u00eda rebaj\u00f3 los cargos de homicidio involuntario contra&nbsp;Alec Baldwin, y con ello la posible pena de prisi\u00f3n que podr\u00eda enfrentar la estrella de Hollywood por el tiroteo mortal de 2021 en el rodaje de la pel\u00edcula \u201cRust\u201d, seg\u00fan los documentos de acusaci\u00f3n. La fiscal del Primer Distrito Judicial de Nuevo M\u00e9xico,&nbsp;Mary Carmack-Altwies, hab\u00eda acusado [&hellip;]<\/p>\n","protected":false},"author":35,"featured_media":28385,"comment_status":"open","ping_status":"open","sticky":false,"template":"","format":"standard","meta":{"_monsterinsights_skip_tracking":false,"_monsterinsights_sitenote_active":false,"_monsterinsights_sitenote_note":"","_monsterinsights_sitenote_category":0,"footnotes":""},"categories":[576],"tags":[10250,6753,298,23378],"class_list":["post-95185","post","type-post","status-publish","format-standard","has-post-thumbnail","hentry","category-ocio","tag-acusacion","tag-alec-baldwin","tag-fiscalia","tag-rebajo","wp-image-borders"],"amp_enabled":true,"_links":{"self":[{"href":"https:\/\/nvnoticias.mx\/index.php\/wp-json\/wp\/v2\/posts\/95185","targetHints":{"allow":["GET"]}}],"collection":[{"href":"https:\/\/nvnoticias.mx\/index.php\/wp-json\/wp\/v2\/posts"}],"about":[{"href":"https:\/\/nvnoticias.mx\/index.php\/wp-json\/wp\/v2\/types\/post"}],"author":[{"embeddable":true,"href":"https:\/\/nvnoticias.mx\/index.php\/wp-json\/wp\/v2\/users\/35"}],"replies":[{"embeddable":true,"href":"https:\/\/nvnoticias.mx\/index.php\/wp-json\/wp\/v2\/comments?post=95185"}],"version-history":[{"count":1,"href":"https:\/\/nvnoticias.mx\/index.php\/wp-json\/wp\/v2\/posts\/95185\/revisions"}],"predecessor-version":[{"id":95187,"href":"https:\/\/nvnoticias.mx\/index.php\/wp-json\/wp\/v2\/posts\/95185\/revisions\/95187"}],"wp:featuredmedia":[{"embeddable":true,"href":"https:\/\/nvnoticias.mx\/index.php\/wp-json\/wp\/v2\/media\/28385"}],"wp:attachment":[{"href":"https:\/\/nvnoticias.mx\/index.php\/wp-json\/wp\/v2\/media?parent=95185"}],"wp:term":[{"taxonomy":"category","embeddable":true,"href":"https:\/\/nvnoticias.mx\/index.php\/wp-json\/wp\/v2\/categories?post=95185"},{"taxonomy":"post_tag","embeddable":true,"href":"https:\/\/nvnoticias.mx\/index.php\/wp-json\/wp\/v2\/tags?post=95185"}],"curies":[{"name":"wp","href":"https:\/\/api.w.org\/{rel}","templated":true}]}}