{"id":95149,"date":"2023-02-21T13:29:44","date_gmt":"2023-02-21T19:29:44","guid":{"rendered":"https:\/\/nvnoticias.mx\/?p=95149"},"modified":"2023-02-21T13:29:45","modified_gmt":"2023-02-21T19:29:45","slug":"misa-negra-en-catemaco-tendra-costo-de-200-pesos","status":"publish","type":"post","link":"https:\/\/nvnoticias.mx\/index.php\/2023\/02\/21\/misa-negra-en-catemaco-tendra-costo-de-200-pesos\/","title":{"rendered":"Misa Negra en Catemaco tendr\u00e1 costo de 200 pesos"},"content":{"rendered":"\n<p><strong>Sam Ojeda \/ NV Noticias<\/strong><\/p>\n\n\n\n<p>Xalapa.- La misa negra que se realizar\u00e1 el primer viernes de marzo en Catemaco tendr\u00e1 un costo de entrada de 500 pesos, reconoci\u00f3 el brujo Mayor, Enrique Martel Berd\u00f3n.<\/p>\n\n\n\n<p>En conferencia de prensa, dijo que esta edici\u00f3n ser\u00e1 la n\u00famero 11 y que el costo que cada persona deber\u00e1 pagar es poco, dado que se trata de un cobro \u00fanico.&nbsp;<\/p>\n\n\n\n<p>Insisti\u00f3 en que la realizaci\u00f3n de esta actividad la han continuado para no perder el arraigo a lo antiguo, las curaciones, las limpias y para aprovechar que afirm\u00f3 Catemaco es un pueblo que representa el misticismo a nivel mundial.<\/p>\n\n\n\n<p>Record\u00f3 que las actividades iniciar\u00e1n el jueves, viernes y s\u00e1bado, pero que la misa negra ser\u00e1 el viernes 2 y espera una afluencia de 10 mil personas. &nbsp;<\/p>\n\n\n\n<p>Dijo que el requisito ir vestido de negro o rojo o pagar el costo de 500 pesos para ingresar. &nbsp;<\/p>\n\n\n\n<p>Cuestionado sobre el avance de la edificaci\u00f3n que fingir\u00eda como un templo dedicado a Lucifer, dijo que aunque hay organizaciones que han buscado impedirlo, la ley garantiza el libro culto.&nbsp;<\/p>\n\n\n\n<p>Y que quienes afirman que este tipo de culto promueve los activadores, afirm\u00f3 que el t\u00e9rmino de oscuridad est\u00e1 en nosotros mismos y que todos son capaces de transformar lo negativo en positivo&nbsp;<\/p>\n\n\n\n<p>Hay que recordar que el templo est\u00e1 construy\u00e9ndose en la colonia El Para\u00edso 2 de Catemaco, pero la organizaci\u00f3n Misi\u00f3n Rescate M\u00e9xico&nbsp; present\u00f3 m\u00e1s de 26 mil firmas a la Secretar\u00eda de Gobernaci\u00f3n para evitar la construcci\u00f3n de ese tempo en Catemaco.<\/p>\n","protected":false},"excerpt":{"rendered":"<p>Sam Ojeda \/ NV Noticias Xalapa.- La misa negra que se realizar\u00e1 el primer viernes de marzo en Catemaco tendr\u00e1 un costo de entrada de 500 pesos, reconoci\u00f3 el brujo Mayor, Enrique Martel Berd\u00f3n. En conferencia de prensa, dijo que esta edici\u00f3n ser\u00e1 la n\u00famero 11 y que el costo que cada persona deber\u00e1 pagar [&hellip;]<\/p>\n","protected":false},"author":8,"featured_media":95150,"comment_status":"open","ping_status":"open","sticky":false,"template":"","format":"standard","meta":{"_monsterinsights_skip_tracking":false,"_monsterinsights_sitenote_active":false,"_monsterinsights_sitenote_note":"","_monsterinsights_sitenote_category":0,"footnotes":""},"categories":[156],"tags":[1915,10470],"class_list":["post-95149","post","type-post","status-publish","format-standard","has-post-thumbnail","hentry","category-estado","tag-catemaco","tag-misa-negra","wp-image-borders"],"amp_enabled":true,"_links":{"self":[{"href":"https:\/\/nvnoticias.mx\/index.php\/wp-json\/wp\/v2\/posts\/95149","targetHints":{"allow":["GET"]}}],"collection":[{"href":"https:\/\/nvnoticias.mx\/index.php\/wp-json\/wp\/v2\/posts"}],"about":[{"href":"https:\/\/nvnoticias.mx\/index.php\/wp-json\/wp\/v2\/types\/post"}],"author":[{"embeddable":true,"href":"https:\/\/nvnoticias.mx\/index.php\/wp-json\/wp\/v2\/users\/8"}],"replies":[{"embeddable":true,"href":"https:\/\/nvnoticias.mx\/index.php\/wp-json\/wp\/v2\/comments?post=95149"}],"version-history":[{"count":1,"href":"https:\/\/nvnoticias.mx\/index.php\/wp-json\/wp\/v2\/posts\/95149\/revisions"}],"predecessor-version":[{"id":95151,"href":"https:\/\/nvnoticias.mx\/index.php\/wp-json\/wp\/v2\/posts\/95149\/revisions\/95151"}],"wp:featuredmedia":[{"embeddable":true,"href":"https:\/\/nvnoticias.mx\/index.php\/wp-json\/wp\/v2\/media\/95150"}],"wp:attachment":[{"href":"https:\/\/nvnoticias.mx\/index.php\/wp-json\/wp\/v2\/media?parent=95149"}],"wp:term":[{"taxonomy":"category","embeddable":true,"href":"https:\/\/nvnoticias.mx\/index.php\/wp-json\/wp\/v2\/categories?post=95149"},{"taxonomy":"post_tag","embeddable":true,"href":"https:\/\/nvnoticias.mx\/index.php\/wp-json\/wp\/v2\/tags?post=95149"}],"curies":[{"name":"wp","href":"https:\/\/api.w.org\/{rel}","templated":true}]}}