{"id":95132,"date":"2023-02-21T12:36:24","date_gmt":"2023-02-21T18:36:24","guid":{"rendered":"https:\/\/nvnoticias.mx\/?p=95132"},"modified":"2023-02-21T12:37:50","modified_gmt":"2023-02-21T18:37:50","slug":"invitan-a-jovenes-a-asistir-al-itboca-al-evento-arma-tu-plan-2023","status":"publish","type":"post","link":"https:\/\/nvnoticias.mx\/index.php\/2023\/02\/21\/invitan-a-jovenes-a-asistir-al-itboca-al-evento-arma-tu-plan-2023\/","title":{"rendered":"Invitan a j\u00f3venes a asistir al ITBOCA al evento Arma Tu Plan 2023"},"content":{"rendered":"\n<p><strong>Jes\u00fas Utrilla \/ NV Noticias<\/strong><\/p>\n\n\n\n<p>La Secretar\u00eda de Educaci\u00f3n de Veracruz a trav\u00e9s de la Subsecretar\u00eda de Educaci\u00f3n Media Superior y Superior y de la Direcci\u00f3n General de Educaci\u00f3n Universitaria, invitaron a la poblaci\u00f3n en general al evento Arma Tu Plan 2023, que tiene como objetivos informar a los j\u00f3venes sobre las diferentes \u00e1reas del conocimiento y de formaci\u00f3n, para una adecuada elecci\u00f3n de carrera profesional. <\/p>\n\n\n\n<p>Fernando Hern\u00e1ndez Caba\u00f1as, director general de Educaci\u00f3n Universitaria, se\u00f1al\u00f3 que Arma Tu Plan 2023, llevar\u00e1 a cabo las siguientes actividades del 17 de febrero al 17 de marzo del presente a\u00f1o. <\/p>\n\n\n\n<p>Este mi\u00e9rcoles 22 de febrero estar\u00e1n en el Instituto Tecnol\u00f3gico de Boca del R\u00edo. <\/p>\n\n\n\n<p>El evento tambi\u00e9n busca proporcionar a los padres de familia herramientas \u00fatiles para orientar y acompa\u00f1ar a sus hijos en la elecci\u00f3n de su proyecto de vida. <\/p>\n\n\n\n<p>Fomentar y desarrollar actividades que fortalezcan la educaci\u00f3n socioemocional y las habilidades blandas para realizar una elecci\u00f3n asertiva del proyecto de vida. <\/p>\n\n\n\n<p>Promover los elementos que integran la visi\u00f3n Formando Ciudadan\u00eda del Mundo (VFCM). <\/p>\n\n\n\n<p>Promover y difundir el Programa Estatal de Oferta Educativa (PEOE). <\/p>\n\n\n\n<p>Todo esto, mediante actividades como mesas de oferta educativa, conferencias de orientaci\u00f3n para padres de familia y capacitaci\u00f3n masiva del Programa Estatal de Oferta Educativa, donde los asistentes pueden ganar premios y becas de las diferentes instituciones. <\/p>\n\n\n\n<p>Siendo una antesala de las Expoferias Educativas y teniendo sedes en diferentes regiones del estado de Veracruz, las cuales se pueden consultar y realizar el registro en l\u00ednea en la p\u00e1ginade\u00a0<a rel=\"noreferrer noopener\" href=\"https:\/\/semsys.sev.gob.mx\/makatsinina\/\" target=\"_blank\">https:\/\/semsys.sev.gob.mx\/makatsinina\/<\/a><\/p>\n","protected":false},"excerpt":{"rendered":"<p>Jes\u00fas Utrilla \/ NV Noticias La Secretar\u00eda de Educaci\u00f3n de Veracruz a trav\u00e9s de la Subsecretar\u00eda de Educaci\u00f3n Media Superior y Superior y de la Direcci\u00f3n General de Educaci\u00f3n Universitaria, invitaron a la poblaci\u00f3n en general al evento Arma Tu Plan 2023, que tiene como objetivos informar a los j\u00f3venes sobre las diferentes \u00e1reas del [&hellip;]<\/p>\n","protected":false},"author":8,"featured_media":95133,"comment_status":"open","ping_status":"open","sticky":false,"template":"","format":"standard","meta":{"_monsterinsights_skip_tracking":false,"_monsterinsights_sitenote_active":false,"_monsterinsights_sitenote_note":"","_monsterinsights_sitenote_category":0,"footnotes":""},"categories":[154],"tags":[23371,200],"class_list":["post-95132","post","type-post","status-publish","format-standard","has-post-thumbnail","hentry","category-veracruz","tag-arma-tu-plan-2023","tag-itboca","wp-image-borders"],"amp_enabled":true,"_links":{"self":[{"href":"https:\/\/nvnoticias.mx\/index.php\/wp-json\/wp\/v2\/posts\/95132","targetHints":{"allow":["GET"]}}],"collection":[{"href":"https:\/\/nvnoticias.mx\/index.php\/wp-json\/wp\/v2\/posts"}],"about":[{"href":"https:\/\/nvnoticias.mx\/index.php\/wp-json\/wp\/v2\/types\/post"}],"author":[{"embeddable":true,"href":"https:\/\/nvnoticias.mx\/index.php\/wp-json\/wp\/v2\/users\/8"}],"replies":[{"embeddable":true,"href":"https:\/\/nvnoticias.mx\/index.php\/wp-json\/wp\/v2\/comments?post=95132"}],"version-history":[{"count":2,"href":"https:\/\/nvnoticias.mx\/index.php\/wp-json\/wp\/v2\/posts\/95132\/revisions"}],"predecessor-version":[{"id":95136,"href":"https:\/\/nvnoticias.mx\/index.php\/wp-json\/wp\/v2\/posts\/95132\/revisions\/95136"}],"wp:featuredmedia":[{"embeddable":true,"href":"https:\/\/nvnoticias.mx\/index.php\/wp-json\/wp\/v2\/media\/95133"}],"wp:attachment":[{"href":"https:\/\/nvnoticias.mx\/index.php\/wp-json\/wp\/v2\/media?parent=95132"}],"wp:term":[{"taxonomy":"category","embeddable":true,"href":"https:\/\/nvnoticias.mx\/index.php\/wp-json\/wp\/v2\/categories?post=95132"},{"taxonomy":"post_tag","embeddable":true,"href":"https:\/\/nvnoticias.mx\/index.php\/wp-json\/wp\/v2\/tags?post=95132"}],"curies":[{"name":"wp","href":"https:\/\/api.w.org\/{rel}","templated":true}]}}