{"id":95000,"date":"2023-02-20T14:42:16","date_gmt":"2023-02-20T20:42:16","guid":{"rendered":"https:\/\/nvnoticias.mx\/?p=95000"},"modified":"2023-02-20T14:42:17","modified_gmt":"2023-02-20T20:42:17","slug":"pide-diputada-panista-que-se-draguen-las-lagunas-lagartos-san-julian-la-ilusion-y-olmeca","status":"publish","type":"post","link":"https:\/\/nvnoticias.mx\/index.php\/2023\/02\/20\/pide-diputada-panista-que-se-draguen-las-lagunas-lagartos-san-julian-la-ilusion-y-olmeca\/","title":{"rendered":"Pide diputada panista que se draguen las lagunas Lagartos, San Juli\u00e1n, La Ilusi\u00f3n y Olmeca"},"content":{"rendered":"\n<p><strong>Jes\u00fas Utrilla \/ NV Noticias<\/strong><\/p>\n\n\n\n<p>La desaparici\u00f3n del Fondo Ambiental Veracruzano descuid\u00f3 el sistema lagunar, pues se necesitan recursos para dragar las lagunas Lagartos, San Juli\u00e1n, La Ilusi\u00f3n y Olmeca, dijo la diputada local del PAN, Ver\u00f3nica Pulido Herrera.<\/p>\n\n\n\n<p>Record\u00f3 que los cuerpos de agua son reguladores y evitan que no \u00e9poca de lluvia se inunde en zonas como Veracruz, Boca Del R\u00edo y Medell\u00edn. Por ello urgi\u00f3 a que se limpien ya que presentan lodo, lirio acu\u00e1tico, alta hierba y te pones hidr\u00e1ulicos.<\/p>\n\n\n\n<blockquote class=\"wp-block-quote is-layout-flow wp-block-quote-is-layout-flow\"><p>\u201c<em>En la comparecencia yo hice una petici\u00f3n al secretario de Finanzas, Lima para aplicar recursos para el dragado de varias lagunas y ahora estoy haciendo el llamado por lo que he escuchado de los productores de San Juli\u00e1n y que draguen Lagartos, Olmeca y la Ilusi\u00f3n porque sabemos que en \u00e9poca de lluvia hay inundaciones<\/em>\u201d.<\/p><\/blockquote>\n\n\n\n<p>Record\u00f3 que en abril del 2022 el gobernador Cuitl\u00e1huac Garc\u00eda Jim\u00e9nez se comprometi\u00f3 a enviar bi\u00f3logos y presentar un plan de remediaci\u00f3n para dicha laguna pero no se realiz\u00f3. Por ello exhort\u00f3 al Gobierno del Estado para que atienda la situaci\u00f3n que afecta a toda la zona rural del municipio Veracruz.<\/p>\n\n\n\n<p>Dijo que para este a\u00f1o el Congreso de Veracruz autoriz\u00f3 a la Secretar\u00eda de Medio Ambiente un presupuesto de 217 millones 874 mil 025 pesos, mientras que la Procuradur\u00eda de Medio, un total de 515 millones 283 mil 090, sin embargo, no se ejercen a favor del medio ambiente.<\/p>\n","protected":false},"excerpt":{"rendered":"<p>Jes\u00fas Utrilla \/ NV Noticias La desaparici\u00f3n del Fondo Ambiental Veracruzano descuid\u00f3 el sistema lagunar, pues se necesitan recursos para dragar las lagunas Lagartos, San Juli\u00e1n, La Ilusi\u00f3n y Olmeca, dijo la diputada local del PAN, Ver\u00f3nica Pulido Herrera. Record\u00f3 que los cuerpos de agua son reguladores y evitan que no \u00e9poca de lluvia se [&hellip;]<\/p>\n","protected":false},"author":8,"featured_media":95001,"comment_status":"open","ping_status":"open","sticky":false,"template":"","format":"standard","meta":{"_monsterinsights_skip_tracking":false,"_monsterinsights_sitenote_active":false,"_monsterinsights_sitenote_note":"","_monsterinsights_sitenote_category":0,"footnotes":""},"categories":[154],"tags":[13660,14300],"class_list":["post-95000","post","type-post","status-publish","format-standard","has-post-thumbnail","hentry","category-veracruz","tag-dragado","tag-lagunas","wp-image-borders"],"amp_enabled":true,"_links":{"self":[{"href":"https:\/\/nvnoticias.mx\/index.php\/wp-json\/wp\/v2\/posts\/95000","targetHints":{"allow":["GET"]}}],"collection":[{"href":"https:\/\/nvnoticias.mx\/index.php\/wp-json\/wp\/v2\/posts"}],"about":[{"href":"https:\/\/nvnoticias.mx\/index.php\/wp-json\/wp\/v2\/types\/post"}],"author":[{"embeddable":true,"href":"https:\/\/nvnoticias.mx\/index.php\/wp-json\/wp\/v2\/users\/8"}],"replies":[{"embeddable":true,"href":"https:\/\/nvnoticias.mx\/index.php\/wp-json\/wp\/v2\/comments?post=95000"}],"version-history":[{"count":1,"href":"https:\/\/nvnoticias.mx\/index.php\/wp-json\/wp\/v2\/posts\/95000\/revisions"}],"predecessor-version":[{"id":95002,"href":"https:\/\/nvnoticias.mx\/index.php\/wp-json\/wp\/v2\/posts\/95000\/revisions\/95002"}],"wp:featuredmedia":[{"embeddable":true,"href":"https:\/\/nvnoticias.mx\/index.php\/wp-json\/wp\/v2\/media\/95001"}],"wp:attachment":[{"href":"https:\/\/nvnoticias.mx\/index.php\/wp-json\/wp\/v2\/media?parent=95000"}],"wp:term":[{"taxonomy":"category","embeddable":true,"href":"https:\/\/nvnoticias.mx\/index.php\/wp-json\/wp\/v2\/categories?post=95000"},{"taxonomy":"post_tag","embeddable":true,"href":"https:\/\/nvnoticias.mx\/index.php\/wp-json\/wp\/v2\/tags?post=95000"}],"curies":[{"name":"wp","href":"https:\/\/api.w.org\/{rel}","templated":true}]}}