{"id":94992,"date":"2023-02-20T13:41:14","date_gmt":"2023-02-20T19:41:14","guid":{"rendered":"https:\/\/nvnoticias.mx\/?p=94992"},"modified":"2023-02-20T13:41:14","modified_gmt":"2023-02-20T19:41:14","slug":"piden-que-el-issste-regularice-pagos-de-pensiones-alimenticias","status":"publish","type":"post","link":"https:\/\/nvnoticias.mx\/index.php\/2023\/02\/20\/piden-que-el-issste-regularice-pagos-de-pensiones-alimenticias\/","title":{"rendered":"Piden que el ISSSTE regularice pagos de  pensiones alimenticias"},"content":{"rendered":"\n<p><strong>Jes\u00fas Utrilla \/ NV Noticias<\/strong><\/p>\n\n\n\n<p>La pensi\u00f3n alimenticia a trav\u00e9s del ISSSTE llega desfasada, acusaron beneficiarias.<\/p>\n\n\n\n<p>Adriana Irigoyen, una de las quejosas, exigi\u00f3 que el dinero les llegue en tiempo y forma, pues lo necesitan para los gastos de sus hijos.<\/p>\n\n\n\n<p>Se\u00f1al\u00f3 que en cada quincena el cheque le llega con m\u00e1s de cinco o siete d\u00edas de retraso, pero hay personas que dependen \u00edntegramente de dicho recurso.<\/p>\n\n\n\n<blockquote class=\"wp-block-quote is-layout-flow wp-block-quote-is-layout-flow\"><p>\u201c<em>Esto es quincena tras quincena y muchos ni\u00f1os comen de la pensi\u00f3n alimenticia. Nosotros tenemos un calendario de los dep\u00f3sitos de los trabajadores activos y tres d\u00edas despu\u00e9s expiden cheques para otros trabajadores y a nosotras nos deber\u00edan depositar tambi\u00e9n en la misma fecha que le dan a los trabajadores activos<\/em>\u201d.<\/p><\/blockquote>\n\n\n\n<p>Son cerca de 100 personas afectadas, pero algunas son for\u00e1neas y deben viajar a la ciudad de Veracruz a cobrar el cheque.<\/p>\n\n\n\n<p>Hasta 2019 les hac\u00edan llegar de manera directa los cheques para irlos a cobrar al banco pero ahora lo reciben a trav\u00e9s de una aseguradora. Sin embargo, en ocasiones en la Banbaj\u00edo les dicen que ya no hay dinero porque dicha aseguradora s\u00f3lo permite el cobro de cierta cantidad de cheques por d\u00eda.<\/p>\n\n\n\n<blockquote class=\"wp-block-quote is-layout-flow wp-block-quote-is-layout-flow\"><p>\u201c<em>La aseguradora va depositando cierta cantidad al d\u00eda y se alcanzamos a cobrar bien por nosotros, pero si no date la vuelta y hay que regresar al otro d\u00eda a ver si tenemos suerte<\/em>\u201d.<\/p><\/blockquote>\n\n\n\n<p>Las se\u00f1oras exigieron que el ISSSTE pague las pensiones alimenticias conforme a las fechas de los salarios de los trabajadores activos.<\/p>\n","protected":false},"excerpt":{"rendered":"<p>Jes\u00fas Utrilla \/ NV Noticias La pensi\u00f3n alimenticia a trav\u00e9s del ISSSTE llega desfasada, acusaron beneficiarias. Adriana Irigoyen, una de las quejosas, exigi\u00f3 que el dinero les llegue en tiempo y forma, pues lo necesitan para los gastos de sus hijos. Se\u00f1al\u00f3 que en cada quincena el cheque le llega con m\u00e1s de cinco o [&hellip;]<\/p>\n","protected":false},"author":8,"featured_media":94994,"comment_status":"open","ping_status":"open","sticky":false,"template":"","format":"standard","meta":{"_monsterinsights_skip_tracking":false,"_monsterinsights_sitenote_active":false,"_monsterinsights_sitenote_note":"","_monsterinsights_sitenote_category":0,"footnotes":""},"categories":[154],"tags":[1066,5953],"class_list":["post-94992","post","type-post","status-publish","format-standard","has-post-thumbnail","hentry","category-veracruz","tag-issste","tag-pension-alimenticia","wp-image-borders"],"amp_enabled":true,"_links":{"self":[{"href":"https:\/\/nvnoticias.mx\/index.php\/wp-json\/wp\/v2\/posts\/94992","targetHints":{"allow":["GET"]}}],"collection":[{"href":"https:\/\/nvnoticias.mx\/index.php\/wp-json\/wp\/v2\/posts"}],"about":[{"href":"https:\/\/nvnoticias.mx\/index.php\/wp-json\/wp\/v2\/types\/post"}],"author":[{"embeddable":true,"href":"https:\/\/nvnoticias.mx\/index.php\/wp-json\/wp\/v2\/users\/8"}],"replies":[{"embeddable":true,"href":"https:\/\/nvnoticias.mx\/index.php\/wp-json\/wp\/v2\/comments?post=94992"}],"version-history":[{"count":1,"href":"https:\/\/nvnoticias.mx\/index.php\/wp-json\/wp\/v2\/posts\/94992\/revisions"}],"predecessor-version":[{"id":94995,"href":"https:\/\/nvnoticias.mx\/index.php\/wp-json\/wp\/v2\/posts\/94992\/revisions\/94995"}],"wp:featuredmedia":[{"embeddable":true,"href":"https:\/\/nvnoticias.mx\/index.php\/wp-json\/wp\/v2\/media\/94994"}],"wp:attachment":[{"href":"https:\/\/nvnoticias.mx\/index.php\/wp-json\/wp\/v2\/media?parent=94992"}],"wp:term":[{"taxonomy":"category","embeddable":true,"href":"https:\/\/nvnoticias.mx\/index.php\/wp-json\/wp\/v2\/categories?post=94992"},{"taxonomy":"post_tag","embeddable":true,"href":"https:\/\/nvnoticias.mx\/index.php\/wp-json\/wp\/v2\/tags?post=94992"}],"curies":[{"name":"wp","href":"https:\/\/api.w.org\/{rel}","templated":true}]}}