{"id":94979,"date":"2023-02-20T12:54:47","date_gmt":"2023-02-20T18:54:47","guid":{"rendered":"https:\/\/nvnoticias.mx\/?p=94979"},"modified":"2023-02-20T12:54:48","modified_gmt":"2023-02-20T18:54:48","slug":"en-el-plan-municipal-de-obras-2023-de-boca-del-rio-se-dara-prioridad-a-las-colonias-unanue","status":"publish","type":"post","link":"https:\/\/nvnoticias.mx\/index.php\/2023\/02\/20\/en-el-plan-municipal-de-obras-2023-de-boca-del-rio-se-dara-prioridad-a-las-colonias-unanue\/","title":{"rendered":"En el Plan Municipal de Obras 2023 de Boca del R\u00edo se dar\u00e1 prioridad a las colonias: Unanue"},"content":{"rendered":"\n<p><strong>Jes\u00fas Utrilla \/ NV Noticias<\/strong><\/p>\n\n\n\n<p>En el Plan Municipal de Obras 2023 de Boca del R\u00edo se dar\u00e1 prioridad a diversas colonias y unidades deportiva.<\/p>\n\n\n\n<p>El alcalde de Boca del R\u00edo, Juan Manuel de Unanue Abascal, se\u00f1al\u00f3 que el programa sigue en elaboraci\u00f3n pero en breve se dar\u00e1 a conocer.<\/p>\n\n\n\n<p>Contempla iniciar la segunda etapa de pavimentaci\u00f3n en concreto hidraulico de la avenida Juan Pablo Segundo y se invertir\u00e1n m\u00e1s de 100 millones de pesos en obras en todo el municipio.<\/p>\n\n\n\n<blockquote class=\"wp-block-quote is-layout-flow wp-block-quote-is-layout-flow\"><p>&#8220;<em>Estamos viendo la posibilidad de hacer dos avenidas importantes m\u00e1s, haremos el triple de inversi\u00f3n comparativamente con el a\u00f1o pasado en el programa de bacheo para atender algunas colonias pero que tienen la carpeta asf\u00e1ltica muy devastada, porque las calles se hicieron hace much\u00edsimos a\u00f1os, pero ser\u00e1 un plan integral balanceado para atender las necesidades de todos los habitantes de Boca del R\u00edo<\/em>&#8220;.<\/p><\/blockquote>\n\n\n\n<p>El presidente municipal inaugur\u00f3&nbsp;&nbsp;la&nbsp;calle Pino en la colonia Ampliaci\u00f3n Miguel Alem\u00e1n, en donde se invirtieron m\u00e1s de 5 millones que incluye linea de agua, drenaje, pavimentaci\u00f3n, banquetas, con lo que se benficiar\u00e1 a m\u00e1s de 6 mil familias.<\/p>\n\n\n\n<blockquote class=\"wp-block-quote is-layout-flow wp-block-quote-is-layout-flow\"><p>&#8220;<em>Esta calle tiene mucho trafico, es muy utilizada y es parte fundamental del plan de obras, no hab\u00eda drenaje, ya se conectaron las casas y en unos d\u00edas se quitar\u00e1n los tapones porque se estaba dando mantenimiento a la planta de tratamiento que tenemos aqu\u00ed a nuestras espaldas, es una obra muy relevante que solicitaban de manera muy puntual los vecinos<\/em>&#8220;.<\/p><\/blockquote>\n\n\n\n<p>Por \u00faltimo inform\u00f3 que las bodas colectivas se realizar\u00e1n&nbsp;el d\u00eda 3 de marzo.<\/p>\n","protected":false},"excerpt":{"rendered":"<p>Jes\u00fas Utrilla \/ NV Noticias En el Plan Municipal de Obras 2023 de Boca del R\u00edo se dar\u00e1 prioridad a diversas colonias y unidades deportiva. El alcalde de Boca del R\u00edo, Juan Manuel de Unanue Abascal, se\u00f1al\u00f3 que el programa sigue en elaboraci\u00f3n pero en breve se dar\u00e1 a conocer. Contempla iniciar la segunda etapa [&hellip;]<\/p>\n","protected":false},"author":8,"featured_media":94980,"comment_status":"open","ping_status":"open","sticky":false,"template":"","format":"standard","meta":{"_monsterinsights_skip_tracking":false,"_monsterinsights_sitenote_active":false,"_monsterinsights_sitenote_note":"","_monsterinsights_sitenote_category":0,"footnotes":""},"categories":[154],"tags":[423,3660,23353],"class_list":["post-94979","post","type-post","status-publish","format-standard","has-post-thumbnail","hentry","category-veracruz","tag-boca-del-rio","tag-juan-manuel-de-unanue-abascal","tag-plan-municipal-de-obras","wp-image-borders"],"amp_enabled":true,"_links":{"self":[{"href":"https:\/\/nvnoticias.mx\/index.php\/wp-json\/wp\/v2\/posts\/94979","targetHints":{"allow":["GET"]}}],"collection":[{"href":"https:\/\/nvnoticias.mx\/index.php\/wp-json\/wp\/v2\/posts"}],"about":[{"href":"https:\/\/nvnoticias.mx\/index.php\/wp-json\/wp\/v2\/types\/post"}],"author":[{"embeddable":true,"href":"https:\/\/nvnoticias.mx\/index.php\/wp-json\/wp\/v2\/users\/8"}],"replies":[{"embeddable":true,"href":"https:\/\/nvnoticias.mx\/index.php\/wp-json\/wp\/v2\/comments?post=94979"}],"version-history":[{"count":1,"href":"https:\/\/nvnoticias.mx\/index.php\/wp-json\/wp\/v2\/posts\/94979\/revisions"}],"predecessor-version":[{"id":94981,"href":"https:\/\/nvnoticias.mx\/index.php\/wp-json\/wp\/v2\/posts\/94979\/revisions\/94981"}],"wp:featuredmedia":[{"embeddable":true,"href":"https:\/\/nvnoticias.mx\/index.php\/wp-json\/wp\/v2\/media\/94980"}],"wp:attachment":[{"href":"https:\/\/nvnoticias.mx\/index.php\/wp-json\/wp\/v2\/media?parent=94979"}],"wp:term":[{"taxonomy":"category","embeddable":true,"href":"https:\/\/nvnoticias.mx\/index.php\/wp-json\/wp\/v2\/categories?post=94979"},{"taxonomy":"post_tag","embeddable":true,"href":"https:\/\/nvnoticias.mx\/index.php\/wp-json\/wp\/v2\/tags?post=94979"}],"curies":[{"name":"wp","href":"https:\/\/api.w.org\/{rel}","templated":true}]}}