{"id":94958,"date":"2023-02-20T12:23:40","date_gmt":"2023-02-20T18:23:40","guid":{"rendered":"https:\/\/nvnoticias.mx\/?p=94958"},"modified":"2023-02-20T12:23:41","modified_gmt":"2023-02-20T18:23:41","slug":"afirma-una-joven-de-21-anos-ser-madeleine-mccann","status":"publish","type":"post","link":"https:\/\/nvnoticias.mx\/index.php\/2023\/02\/20\/afirma-una-joven-de-21-anos-ser-madeleine-mccann\/","title":{"rendered":"Afirma una joven de 21 a\u00f1os ser Madeleine McCann"},"content":{"rendered":"\n<p><strong>Han pasado m\u00e1s de 15 a\u00f1os desde que se anunci\u00f3 su desaparici\u00f3n<\/strong>, pero todos nos acordamos de su caso. Se trata de\u00a0<strong>Madeleine McCann<\/strong>, la\u00a0<strong>ni\u00f1a brit\u00e1nica a la que se le perdi\u00f3 el paradero en Portugal en el a\u00f1o 2007.<\/strong>\u00a0En estos lustros han salido muchas informaciones sobre su posible ubicaci\u00f3n o qui\u00e9nes podr\u00edan haber sido los culpables de dicha desaparici\u00f3n.<\/p>\n\n\n\n<p>La \u00faltima novedad ha dejado a todos sobresaltados, ya que\u00a0<strong>una joven de 21 a\u00f1os asegura que ella es Madeleine<\/strong>, tan confiada est\u00e1 que ha pedido hacerse una\u00a0<strong>prueba de ADN<\/strong>. La chica y su testimonio se ha hecho viral en las redes sociales, despu\u00e9s de que esta subiera un v\u00eddeo en su cuenta de Instagram diciendo que ella era la joven brit\u00e1nica y que busca conocer a sus padres.<\/p>\n\n\n\n<blockquote class=\"wp-block-quote is-layout-flow wp-block-quote-is-layout-flow\"><p>&#8220;Creo que puedo ser Madeleine. Necesito una prueba de ADN&#8221;, dice la joven de 21 a\u00f1os.<\/p><\/blockquote>\n\n\n\n<p>Su perfil de esta red social ya explica todo, su nombre de usuario es &#8220;<strong>Yo soy Madeleine McCann&#8221;<\/strong>&nbsp;y en su biograf\u00eda se puede leer: &#8220;<strong>Creo que puedo ser Madeleine. Necesito una prueba de ADN&#8221;<\/strong>. Tambi\u00e9n cuenta que ha querido hablar con las autoridades, pero&nbsp;<strong>&#8220;los investigadores de la polic\u00eda del Reino Unido y Polonia intentan ignorarme.<\/strong>&nbsp;Contar\u00e9 mi historia en publicaciones aqu\u00ed. Ay\u00fadame&#8221;, rogaba.<\/p>\n\n\n\n<p>Adem\u00e1s, la joven ha subido una foto de ella de su infancia con las que hab\u00eda de&nbsp;<strong>Madeleine<\/strong>. Ella insiste en que se parece f\u00edsicamente a la ni\u00f1a que desapareci\u00f3 en 2007 y por ello quiere que se le hagan pruebas gen\u00e9ticas: &#8220;<strong>Tengo ojos parecidos, forma de cara, orejas, labios, ten\u00eda el espacio entre los dientes&#8221;,<\/strong>&nbsp;explicaba.<\/p>\n\n\n\n<p>Adem\u00e1s de decir que no recuerda gran parte de su infancia,\u00a0<strong>&#8220;pero mi primer recuerdo es muy fuerte&#8221;.<\/strong>\u00a0Y lo describe as\u00ed:\u00a0<strong>&#8220;Se trata de vacaciones en un lugar c\u00e1lido donde hab\u00eda playa<\/strong>\u00a0y edificios blancos o de colores muy claros con apartamentos.\u00a0<strong>Recuerdo que vi tortugas en la playa&#8221;<\/strong>. Y por \u00faltimo comentaba:\u00a0<strong>&#8220;No veo a mi familia en este recuerdo&#8221;.<\/strong><\/p>\n\n\n\n<p>Fuente: <a href=\"https:\/\/www.marca.com\/tiramillas\/actualidad\/2023\/02\/19\/63f26b64268e3ee74b8b45cf.html\" data-type=\"URL\" data-id=\"https:\/\/www.marca.com\/tiramillas\/actualidad\/2023\/02\/19\/63f26b64268e3ee74b8b45cf.html\">Marca<\/a><\/p>\n","protected":false},"excerpt":{"rendered":"<p>Han pasado m\u00e1s de 15 a\u00f1os desde que se anunci\u00f3 su desaparici\u00f3n, pero todos nos acordamos de su caso. Se trata de\u00a0Madeleine McCann, la\u00a0ni\u00f1a brit\u00e1nica a la que se le perdi\u00f3 el paradero en Portugal en el a\u00f1o 2007.\u00a0En estos lustros han salido muchas informaciones sobre su posible ubicaci\u00f3n o qui\u00e9nes podr\u00edan haber sido los [&hellip;]<\/p>\n","protected":false},"author":35,"featured_media":94961,"comment_status":"open","ping_status":"open","sticky":false,"template":"","format":"standard","meta":{"_monsterinsights_skip_tracking":false,"_monsterinsights_sitenote_active":false,"_monsterinsights_sitenote_note":"","_monsterinsights_sitenote_category":0,"footnotes":""},"categories":[576],"tags":[10620,4102,23348],"class_list":["post-94958","post","type-post","status-publish","format-standard","has-post-thumbnail","hentry","category-ocio","tag-afirma","tag-joven","tag-madeleine-mccann","wp-image-borders"],"amp_enabled":true,"_links":{"self":[{"href":"https:\/\/nvnoticias.mx\/index.php\/wp-json\/wp\/v2\/posts\/94958","targetHints":{"allow":["GET"]}}],"collection":[{"href":"https:\/\/nvnoticias.mx\/index.php\/wp-json\/wp\/v2\/posts"}],"about":[{"href":"https:\/\/nvnoticias.mx\/index.php\/wp-json\/wp\/v2\/types\/post"}],"author":[{"embeddable":true,"href":"https:\/\/nvnoticias.mx\/index.php\/wp-json\/wp\/v2\/users\/35"}],"replies":[{"embeddable":true,"href":"https:\/\/nvnoticias.mx\/index.php\/wp-json\/wp\/v2\/comments?post=94958"}],"version-history":[{"count":1,"href":"https:\/\/nvnoticias.mx\/index.php\/wp-json\/wp\/v2\/posts\/94958\/revisions"}],"predecessor-version":[{"id":94962,"href":"https:\/\/nvnoticias.mx\/index.php\/wp-json\/wp\/v2\/posts\/94958\/revisions\/94962"}],"wp:featuredmedia":[{"embeddable":true,"href":"https:\/\/nvnoticias.mx\/index.php\/wp-json\/wp\/v2\/media\/94961"}],"wp:attachment":[{"href":"https:\/\/nvnoticias.mx\/index.php\/wp-json\/wp\/v2\/media?parent=94958"}],"wp:term":[{"taxonomy":"category","embeddable":true,"href":"https:\/\/nvnoticias.mx\/index.php\/wp-json\/wp\/v2\/categories?post=94958"},{"taxonomy":"post_tag","embeddable":true,"href":"https:\/\/nvnoticias.mx\/index.php\/wp-json\/wp\/v2\/tags?post=94958"}],"curies":[{"name":"wp","href":"https:\/\/api.w.org\/{rel}","templated":true}]}}