{"id":94957,"date":"2023-02-20T12:17:49","date_gmt":"2023-02-20T18:17:49","guid":{"rendered":"https:\/\/nvnoticias.mx\/?p=94957"},"modified":"2023-02-20T12:17:49","modified_gmt":"2023-02-20T18:17:49","slug":"anuncian-carnaval-afromestizo-en-almolonga","status":"publish","type":"post","link":"https:\/\/nvnoticias.mx\/index.php\/2023\/02\/20\/anuncian-carnaval-afromestizo-en-almolonga\/","title":{"rendered":"Anuncian Carnaval Afromestizo en Almolonga"},"content":{"rendered":"\n<p><strong>Sam Ojeda\u00a0\/ NV Noticias<\/strong><\/p>\n\n\n\n<p>Xalapa.- El representante de la Junta de Mejoras de Almolonga, Jorge Landa, dio a conocer que del 24 al 27 de febrero se realizar\u00e1 el Carnaval Afromestizo.<\/p>\n\n\n\n<p>Contar\u00e1n con la participaci\u00f3n de 100 danzantes disfrazados con m\u00e1scaras de madera, el gorro de flores de papel crep\u00e9 y botas de pie tradicionales.<\/p>\n\n\n\n<p>El traje pesa alrededor de 30 a 35 kilogramos y el gasto que representa es de 5 mil pesos, en promedio.&nbsp;<\/p>\n\n\n\n<p>Cabe destacar que este carnaval se retomar\u00e1 este 2023 despu\u00e9s de dos a\u00f1os de suspensi\u00f3n a causa de la pandemia generada por el covid-19.&nbsp;<\/p>\n\n\n\n<p>El viernes 24 de febrero iniciar\u00e1n las actividades con la coronaci\u00f3n del Rey de la Alegr\u00eda y la quema del mal humor; el s\u00e1bado ser\u00e1 la coronaci\u00f3n de la reina y su corte real. &nbsp;<\/p>\n\n\n\n<p>Ese mismo d\u00eda se llevar\u00e1 a cabo el baile con Nelson Kanzela en el campo deportivo de la localidad; el domingo habr\u00e1 paseos de los carros aleg\u00f3ricos.<\/p>\n\n\n\n<p>Sobre la venta de alcohol, el representante de la Junta de Mejoras indic\u00f3 que s\u00ed habr\u00e1 pero se realizar\u00e1 de manera controlada. &nbsp;<\/p>\n","protected":false},"excerpt":{"rendered":"<p>Sam Ojeda\u00a0\/ NV Noticias Xalapa.- El representante de la Junta de Mejoras de Almolonga, Jorge Landa, dio a conocer que del 24 al 27 de febrero se realizar\u00e1 el Carnaval Afromestizo. Contar\u00e1n con la participaci\u00f3n de 100 danzantes disfrazados con m\u00e1scaras de madera, el gorro de flores de papel crep\u00e9 y botas de pie tradicionales. [&hellip;]<\/p>\n","protected":false},"author":8,"featured_media":94959,"comment_status":"open","ping_status":"open","sticky":false,"template":"","format":"standard","meta":{"_monsterinsights_skip_tracking":false,"_monsterinsights_sitenote_active":false,"_monsterinsights_sitenote_note":"","_monsterinsights_sitenote_category":0,"footnotes":""},"categories":[156],"tags":[23347,23346],"class_list":["post-94957","post","type-post","status-publish","format-standard","has-post-thumbnail","hentry","category-estado","tag-almolonga","tag-carnaval-afromestizo","wp-image-borders"],"amp_enabled":true,"_links":{"self":[{"href":"https:\/\/nvnoticias.mx\/index.php\/wp-json\/wp\/v2\/posts\/94957","targetHints":{"allow":["GET"]}}],"collection":[{"href":"https:\/\/nvnoticias.mx\/index.php\/wp-json\/wp\/v2\/posts"}],"about":[{"href":"https:\/\/nvnoticias.mx\/index.php\/wp-json\/wp\/v2\/types\/post"}],"author":[{"embeddable":true,"href":"https:\/\/nvnoticias.mx\/index.php\/wp-json\/wp\/v2\/users\/8"}],"replies":[{"embeddable":true,"href":"https:\/\/nvnoticias.mx\/index.php\/wp-json\/wp\/v2\/comments?post=94957"}],"version-history":[{"count":1,"href":"https:\/\/nvnoticias.mx\/index.php\/wp-json\/wp\/v2\/posts\/94957\/revisions"}],"predecessor-version":[{"id":94960,"href":"https:\/\/nvnoticias.mx\/index.php\/wp-json\/wp\/v2\/posts\/94957\/revisions\/94960"}],"wp:featuredmedia":[{"embeddable":true,"href":"https:\/\/nvnoticias.mx\/index.php\/wp-json\/wp\/v2\/media\/94959"}],"wp:attachment":[{"href":"https:\/\/nvnoticias.mx\/index.php\/wp-json\/wp\/v2\/media?parent=94957"}],"wp:term":[{"taxonomy":"category","embeddable":true,"href":"https:\/\/nvnoticias.mx\/index.php\/wp-json\/wp\/v2\/categories?post=94957"},{"taxonomy":"post_tag","embeddable":true,"href":"https:\/\/nvnoticias.mx\/index.php\/wp-json\/wp\/v2\/tags?post=94957"}],"curies":[{"name":"wp","href":"https:\/\/api.w.org\/{rel}","templated":true}]}}