{"id":94952,"date":"2023-02-20T12:14:54","date_gmt":"2023-02-20T18:14:54","guid":{"rendered":"https:\/\/nvnoticias.mx\/?p=94952"},"modified":"2023-02-20T12:14:56","modified_gmt":"2023-02-20T18:14:56","slug":"colocan-letras-de-bienvenida-en-manlio-fabio-altamirano","status":"publish","type":"post","link":"https:\/\/nvnoticias.mx\/index.php\/2023\/02\/20\/colocan-letras-de-bienvenida-en-manlio-fabio-altamirano\/","title":{"rendered":"Colocan letras de bienvenida en Manlio Fabio Altamirano"},"content":{"rendered":"\n<p><strong>Jes\u00fas Utrilla \/ NV Noticias<\/strong><\/p>\n\n\n\n<p>Colocaron las letras de bienvenida en el municipio de Mario Fabio Altamirano, lo que gener\u00f3 decenas de felicitaciones en redes sociales. <\/p>\n\n\n\n<p>Los usuarios destacaron que desde hace a\u00f1os hab\u00edan hecho la solicitud a las administraciones municipales sin que estos pudieran lograr concretar la obra, a pesar de que en los municipios cercanos ya se hab\u00edan hecho cosas similares. <\/p>\n\n\n\n<p>Ante decenas de pobladores Manlio Fabio Altamirano se llev\u00f3 a cabo la inauguraci\u00f3n de las letras de bienvenida al municipio. <\/p>\n\n\n\n<p>Minutos antes se realiz\u00f3 un &#8220;rodada&#8221; en motocicleta, hubo inflables para el deleite de los peque\u00f1os y una kerm\u00e9s que dur\u00f3 hasta la noche. <\/p>\n\n\n\n<p>El diputado Magdaleno Rosales se\u00f1al\u00f3 que este tipo de acciones debe ser m\u00e1s all\u00e1 de cualquier partido pol\u00edtico <\/p>\n\n\n\n<blockquote class=\"wp-block-quote is-layout-flow wp-block-quote-is-layout-flow\"><p>\u201c<em>Aqu\u00ed nacimos todos, aqu\u00ed nos van a enterrar y siempre vamos a vernos nosotros la cara, siempre. Tenemos que poner por encima nosotros eso, la hermandad, que somos todos de aqu\u00ed, y en un futuro yo quisiera, y es mi gran anhelo, que ya cuando no tengamos este cargo la gente me puede saludar en la calle, pero me dar\u00eda mucha verg\u00fcenza qu\u00e9 me cortaron la vuelta<\/em>\u201d.<\/p><\/blockquote>\n\n\n\n<p>Adem\u00e1s de esta obra, se mejor\u00f3 la iluminaci\u00f3n de los alrededores y se recibieron solicitudes para gestionar ante las autoridades municipales y estatales, pues los ciudadanos se\u00f1alaron que existen muchas carencias en el municipio de Manlio Fabio Altamirano.<\/p>\n","protected":false},"excerpt":{"rendered":"<p>Jes\u00fas Utrilla \/ NV Noticias Colocaron las letras de bienvenida en el municipio de Mario Fabio Altamirano, lo que gener\u00f3 decenas de felicitaciones en redes sociales. Los usuarios destacaron que desde hace a\u00f1os hab\u00edan hecho la solicitud a las administraciones municipales sin que estos pudieran lograr concretar la obra, a pesar de que en los [&hellip;]<\/p>\n","protected":false},"author":8,"featured_media":94955,"comment_status":"open","ping_status":"open","sticky":false,"template":"","format":"standard","meta":{"_monsterinsights_skip_tracking":false,"_monsterinsights_sitenote_active":false,"_monsterinsights_sitenote_note":"","_monsterinsights_sitenote_category":0,"footnotes":""},"categories":[154],"tags":[23345,1438],"class_list":["post-94952","post","type-post","status-publish","format-standard","has-post-thumbnail","hentry","category-veracruz","tag-letras","tag-manlio-fabio-altamirano","wp-image-borders"],"amp_enabled":true,"_links":{"self":[{"href":"https:\/\/nvnoticias.mx\/index.php\/wp-json\/wp\/v2\/posts\/94952","targetHints":{"allow":["GET"]}}],"collection":[{"href":"https:\/\/nvnoticias.mx\/index.php\/wp-json\/wp\/v2\/posts"}],"about":[{"href":"https:\/\/nvnoticias.mx\/index.php\/wp-json\/wp\/v2\/types\/post"}],"author":[{"embeddable":true,"href":"https:\/\/nvnoticias.mx\/index.php\/wp-json\/wp\/v2\/users\/8"}],"replies":[{"embeddable":true,"href":"https:\/\/nvnoticias.mx\/index.php\/wp-json\/wp\/v2\/comments?post=94952"}],"version-history":[{"count":1,"href":"https:\/\/nvnoticias.mx\/index.php\/wp-json\/wp\/v2\/posts\/94952\/revisions"}],"predecessor-version":[{"id":94956,"href":"https:\/\/nvnoticias.mx\/index.php\/wp-json\/wp\/v2\/posts\/94952\/revisions\/94956"}],"wp:featuredmedia":[{"embeddable":true,"href":"https:\/\/nvnoticias.mx\/index.php\/wp-json\/wp\/v2\/media\/94955"}],"wp:attachment":[{"href":"https:\/\/nvnoticias.mx\/index.php\/wp-json\/wp\/v2\/media?parent=94952"}],"wp:term":[{"taxonomy":"category","embeddable":true,"href":"https:\/\/nvnoticias.mx\/index.php\/wp-json\/wp\/v2\/categories?post=94952"},{"taxonomy":"post_tag","embeddable":true,"href":"https:\/\/nvnoticias.mx\/index.php\/wp-json\/wp\/v2\/tags?post=94952"}],"curies":[{"name":"wp","href":"https:\/\/api.w.org\/{rel}","templated":true}]}}