{"id":94947,"date":"2023-02-20T12:10:38","date_gmt":"2023-02-20T18:10:38","guid":{"rendered":"https:\/\/nvnoticias.mx\/?p=94947"},"modified":"2023-02-20T12:10:39","modified_gmt":"2023-02-20T18:10:39","slug":"nuevo-sismo-sacude-a-turquia-y-siria","status":"publish","type":"post","link":"https:\/\/nvnoticias.mx\/index.php\/2023\/02\/20\/nuevo-sismo-sacude-a-turquia-y-siria\/","title":{"rendered":"Nuevo sismo sacude a Turqu\u00eda y Siria"},"content":{"rendered":"\n<p>Un terremoto de magnitud 6.4 se produjo este lunes en la provincia turca de Hatay, en el sur del pa\u00eds, lo que representa la r\u00e9plica m\u00e1s fuerte tras los devastadores sismos del 6 de febrero, indic\u00f3 la agencia turca de emergencias AFAD.<\/p>\n\n\n\n<p>El epicentro, seg\u00fan AFAD, se situ\u00f3 en la localidad de Defne y el movimiento s\u00edsmico ocurri\u00f3 a las 20:04 horas locales y se sinti\u00f3 hasta 200 kil\u00f3metros de distancia, constataron periodistas de AFP.<\/p>\n\n\n\n<p>El temblor se produjo horas despu\u00e9s de que el secretario de Estado de Estados Unidos, Antony Blinken, dijo a Turqu\u00eda que Washington ayudar\u00eda &#8220;durante el tiempo que sea necesario&#8221; despu\u00e9s de los terremotos devastadores ocurridos en la regi\u00f3n hace dos semanas.<\/p>\n\n\n\n<p>Los especialistas estadunidenses revelaron la informaci\u00f3n sobre el sismo, asignando tambi\u00e9n la magnitud de 6.4 en el territorio, seg\u00fan su cuenta en Twitter.<\/p>\n\n\n\n<p>Testigos de Reuters dijeron que tras el sismo las autoridades en Turqu\u00eda reportaban nuevos da\u00f1os en edificios.<\/p>\n\n\n\n<p>Fuente: <a href=\"https:\/\/www.milenio.com\/internacional\/sismo-sacude-turquia-siria-devastador-terremoto\">Milenio<\/a><\/p>\n","protected":false},"excerpt":{"rendered":"<p>Un terremoto de magnitud 6.4 se produjo este lunes en la provincia turca de Hatay, en el sur del pa\u00eds, lo que representa la r\u00e9plica m\u00e1s fuerte tras los devastadores sismos del 6 de febrero, indic\u00f3 la agencia turca de emergencias AFAD. El epicentro, seg\u00fan AFAD, se situ\u00f3 en la localidad de Defne y el [&hellip;]<\/p>\n","protected":false},"author":8,"featured_media":94949,"comment_status":"open","ping_status":"open","sticky":false,"template":"","format":"standard","meta":{"_monsterinsights_skip_tracking":false,"_monsterinsights_sitenote_active":false,"_monsterinsights_sitenote_note":"","_monsterinsights_sitenote_category":0,"footnotes":""},"categories":[181],"tags":[162,1772,690,3698],"class_list":["post-94947","post","type-post","status-publish","format-standard","has-post-thumbnail","hentry","category-internacional","tag-portada","tag-siria","tag-sismo","tag-turquia","wp-image-borders"],"amp_enabled":true,"_links":{"self":[{"href":"https:\/\/nvnoticias.mx\/index.php\/wp-json\/wp\/v2\/posts\/94947","targetHints":{"allow":["GET"]}}],"collection":[{"href":"https:\/\/nvnoticias.mx\/index.php\/wp-json\/wp\/v2\/posts"}],"about":[{"href":"https:\/\/nvnoticias.mx\/index.php\/wp-json\/wp\/v2\/types\/post"}],"author":[{"embeddable":true,"href":"https:\/\/nvnoticias.mx\/index.php\/wp-json\/wp\/v2\/users\/8"}],"replies":[{"embeddable":true,"href":"https:\/\/nvnoticias.mx\/index.php\/wp-json\/wp\/v2\/comments?post=94947"}],"version-history":[{"count":1,"href":"https:\/\/nvnoticias.mx\/index.php\/wp-json\/wp\/v2\/posts\/94947\/revisions"}],"predecessor-version":[{"id":94950,"href":"https:\/\/nvnoticias.mx\/index.php\/wp-json\/wp\/v2\/posts\/94947\/revisions\/94950"}],"wp:featuredmedia":[{"embeddable":true,"href":"https:\/\/nvnoticias.mx\/index.php\/wp-json\/wp\/v2\/media\/94949"}],"wp:attachment":[{"href":"https:\/\/nvnoticias.mx\/index.php\/wp-json\/wp\/v2\/media?parent=94947"}],"wp:term":[{"taxonomy":"category","embeddable":true,"href":"https:\/\/nvnoticias.mx\/index.php\/wp-json\/wp\/v2\/categories?post=94947"},{"taxonomy":"post_tag","embeddable":true,"href":"https:\/\/nvnoticias.mx\/index.php\/wp-json\/wp\/v2\/tags?post=94947"}],"curies":[{"name":"wp","href":"https:\/\/api.w.org\/{rel}","templated":true}]}}