{"id":94757,"date":"2023-02-18T14:58:01","date_gmt":"2023-02-18T20:58:01","guid":{"rendered":"https:\/\/nvnoticias.mx\/?p=94757"},"modified":"2023-02-18T14:58:03","modified_gmt":"2023-02-18T20:58:03","slug":"perdio-checo-perez-el-subcampeonato-de-pilotos","status":"publish","type":"post","link":"https:\/\/nvnoticias.mx\/index.php\/2023\/02\/18\/perdio-checo-perez-el-subcampeonato-de-pilotos\/","title":{"rendered":"Perdi\u00f3 Checo P\u00e9rez el Subcampeonato de Pilotos"},"content":{"rendered":"\n<p>El mexicano,&nbsp;<strong>Sergio&nbsp;<\/strong><em><strong>Checo&nbsp;<\/strong><\/em><strong>P\u00e9rez&nbsp;<\/strong>(<strong>Red Bull<\/strong>), finaliz\u00f3 en el tercer lugar del&nbsp;<strong>Gran Premio&nbsp;<\/strong>(<strong>GP<\/strong>) de&nbsp;<strong>Abu Dabi&nbsp;<\/strong>y del Campeonato de Pilotos de la&nbsp;<strong>F\u00f3rmula 1 (F1).<\/strong><\/p>\n\n\n\n<p>Con ello, el piloto oriundo de Jalisco cerr\u00f3 la temporada 2022 con&nbsp;<strong>el mejor resultado de su trayectoria&nbsp;<\/strong>automovil\u00edstica al sumar 305 puntos. Esto, pese a perder el Subcampeonato de Pilotos ante&nbsp;<strong>Charles Leclerc<\/strong>&nbsp;(<strong>Ferrari<\/strong>), quien protagoniz\u00f3 la arriesgada estrategia de su escuder\u00eda &#8211; en la cual apostaron por mantener al monegasco en pista con una sola entrada a&nbsp;<em>boxes.<\/em><\/p>\n\n\n\n<p>En entrevista post-carrera, Sergio P\u00e9rez dijo estar contento porque \u201c<strong>lo he dado todo<\/strong>\u201d en su lucha por el Subcampeonato del mundo. Aunado a ello, se mostr\u00f3 optimista por mejorar su rendimiento con Red Bull para la&nbsp;<strong>temporada 2023.<\/strong><\/p>\n\n\n\n<blockquote class=\"wp-block-quote is-layout-flow wp-block-quote-is-layout-flow\"><p>\u201cEs as\u00ed a veces. Al final del d\u00eda, tengo que estar feliz porque lo di todo y estoy seguro que volveremos m\u00e1s fuertes el a\u00f1o que viene\u201d.<\/p><\/blockquote>\n\n\n\n<p>Fuente: <a href=\"https:\/\/www.infobae.com\/america\/deportes\/2022\/11\/20\/en-vivo-checo-perez-en-el-gran-premio-de-abu-dabi\/\" data-type=\"URL\" data-id=\"https:\/\/www.infobae.com\/america\/deportes\/2022\/11\/20\/en-vivo-checo-perez-en-el-gran-premio-de-abu-dabi\/\">Infobae<\/a><\/p>\n","protected":false},"excerpt":{"rendered":"<p>El mexicano,&nbsp;Sergio&nbsp;Checo&nbsp;P\u00e9rez&nbsp;(Red Bull), finaliz\u00f3 en el tercer lugar del&nbsp;Gran Premio&nbsp;(GP) de&nbsp;Abu Dabi&nbsp;y del Campeonato de Pilotos de la&nbsp;F\u00f3rmula 1 (F1). Con ello, el piloto oriundo de Jalisco cerr\u00f3 la temporada 2022 con&nbsp;el mejor resultado de su trayectoria&nbsp;automovil\u00edstica al sumar 305 puntos. Esto, pese a perder el Subcampeonato de Pilotos ante&nbsp;Charles Leclerc&nbsp;(Ferrari), quien protagoniz\u00f3 la arriesgada [&hellip;]<\/p>\n","protected":false},"author":35,"featured_media":72704,"comment_status":"open","ping_status":"open","sticky":false,"template":"","format":"standard","meta":{"_monsterinsights_skip_tracking":false,"_monsterinsights_sitenote_active":false,"_monsterinsights_sitenote_note":"","_monsterinsights_sitenote_category":0,"footnotes":""},"categories":[159],"tags":[2977,3699,14802,6604,23318],"class_list":["post-94757","post","type-post","status-publish","format-standard","has-post-thumbnail","hentry","category-deportes","tag-checo-perez","tag-f1","tag-perdio","tag-pilotos","tag-subcampeonato","wp-image-borders"],"amp_enabled":true,"_links":{"self":[{"href":"https:\/\/nvnoticias.mx\/index.php\/wp-json\/wp\/v2\/posts\/94757","targetHints":{"allow":["GET"]}}],"collection":[{"href":"https:\/\/nvnoticias.mx\/index.php\/wp-json\/wp\/v2\/posts"}],"about":[{"href":"https:\/\/nvnoticias.mx\/index.php\/wp-json\/wp\/v2\/types\/post"}],"author":[{"embeddable":true,"href":"https:\/\/nvnoticias.mx\/index.php\/wp-json\/wp\/v2\/users\/35"}],"replies":[{"embeddable":true,"href":"https:\/\/nvnoticias.mx\/index.php\/wp-json\/wp\/v2\/comments?post=94757"}],"version-history":[{"count":3,"href":"https:\/\/nvnoticias.mx\/index.php\/wp-json\/wp\/v2\/posts\/94757\/revisions"}],"predecessor-version":[{"id":94760,"href":"https:\/\/nvnoticias.mx\/index.php\/wp-json\/wp\/v2\/posts\/94757\/revisions\/94760"}],"wp:featuredmedia":[{"embeddable":true,"href":"https:\/\/nvnoticias.mx\/index.php\/wp-json\/wp\/v2\/media\/72704"}],"wp:attachment":[{"href":"https:\/\/nvnoticias.mx\/index.php\/wp-json\/wp\/v2\/media?parent=94757"}],"wp:term":[{"taxonomy":"category","embeddable":true,"href":"https:\/\/nvnoticias.mx\/index.php\/wp-json\/wp\/v2\/categories?post=94757"},{"taxonomy":"post_tag","embeddable":true,"href":"https:\/\/nvnoticias.mx\/index.php\/wp-json\/wp\/v2\/tags?post=94757"}],"curies":[{"name":"wp","href":"https:\/\/api.w.org\/{rel}","templated":true}]}}