{"id":94647,"date":"2023-02-17T15:26:41","date_gmt":"2023-02-17T21:26:41","guid":{"rendered":"https:\/\/nvnoticias.mx\/?p=94647"},"modified":"2023-02-17T15:26:42","modified_gmt":"2023-02-17T21:26:42","slug":"pide-concamin-al-gobierno-evitar-conflictos-y-aranceles-con-eu-por-maiz-transgenico","status":"publish","type":"post","link":"https:\/\/nvnoticias.mx\/index.php\/2023\/02\/17\/pide-concamin-al-gobierno-evitar-conflictos-y-aranceles-con-eu-por-maiz-transgenico\/","title":{"rendered":"Pide Concamin al gobierno evitar conflictos y aranceles con EU por ma\u00edz transg\u00e9nico"},"content":{"rendered":"\n<p>Jos\u00e9 Abugaber Andonie, presidente de la Confederaci\u00f3n de C\u00e1maras Industriales&nbsp;(Concamin), asegur\u00f3 que a M\u00e9xico no le conviene un conflicto ni la imposici\u00f3n de aranceles por el&nbsp; nuevo decreto del gobierno de Andr\u00e9s Manuel L\u00f3pez Obrador sobre las importaciones de ma\u00edz transg\u00e9nico de Estados Unidos.<\/p>\n\n\n\n<blockquote class=\"wp-block-quote is-layout-flow wp-block-quote-is-layout-flow\"><p>\u201cNo nos convienen los aranceles en este pa\u00eds y en este momento,&nbsp;es lo peor que nos puede pasar y m\u00e1s con los datos que traemos de un aumento de 20 por ciento de las exportaciones\u201d, declar\u00f3 el industrial al finalizar la presentaci\u00f3n del&nbsp; proyecto llamado Invest in La Laguna.<\/p><\/blockquote>\n\n\n\n<blockquote class=\"wp-block-quote is-layout-flow wp-block-quote-is-layout-flow\"><p>\u201cLo menos que nos conviene ahorita es un problema de aranceles y de conflictos, por lo que le pedimos a la Secretar\u00eda de Econom\u00eda de la mejor manera que lo arregle para que est\u00e9n tranquilos los inversionistas\u201d, manifest\u00f3 el empresario mexicano.<\/p><\/blockquote>\n\n\n\n<p>La Asociaci\u00f3n Nacional de Productores de Ma\u00edz de Estados Unidos (NCGA, por sus siglas en ingl\u00e9s) pidi\u00f3 al presidente Joe Biden activar el mecanismo de soluci\u00f3n de controversias bajo el TMEC en contra de M\u00e9xico por su nuevo decreto sobre las importaciones de ma\u00edz transg\u00e9nico contin\u00faa limitando las exportaciones de ese pa\u00eds. Es decir deja al acuerdo comercial como \u201cletra muerta\u201d, coment\u00f3 el organismo empresarial de Estados Unidos.<\/p>\n\n\n\n<p>El 13 de febrero de 2023, el gobierno de M\u00e9xico present\u00f3 un nuevo decreto que sustituye al de diciembre de 2020, sobre la importaci\u00f3n de ma\u00edz transg\u00e9nico, dejando en claro que no puede ser utilizado para uso en masa y tortillas, pero s\u00ed abre la posibilidad de importar el grano gen\u00e9ticamente modificado para consumo animal e industrial de alimentaci\u00f3n humana.<\/p>\n\n\n\n<p>Los senadores y empresarios de Estados Unidos est\u00e1n molestos, por lo que&nbsp; espero que logre la Secretar\u00eda de Econom\u00eda \u2014junto con todo su equipo\u2014 tranquilizarlos y mandar un buen mensaje, manifest\u00f3 el presidente de Concamin.<\/p>\n\n\n\n<blockquote class=\"wp-block-quote is-layout-flow wp-block-quote-is-layout-flow\"><p>\u201cYo tengo confianza de que se pueden arreglar, porque ha habido una buena disposici\u00f3n de Raquel Buenrostro S\u00e1nchez, secretaria de Econom\u00eda, para negociar con el gobierno de Estados Unidos\u201d, se\u00f1al\u00f3.<\/p><\/blockquote>\n\n\n\n<p>Actualmente vas al supermercado y encuentras que m\u00e1s de 30 mil productos son derivados del ma\u00edz, expres\u00f3. \u201cEl ma\u00edz no es la tortilla, sino un universo de alimentos y productos\u201d.<\/p>\n\n\n\n<p>Actualmente estamos en el an\u00e1lisis y no tenemos un dato preciso del impacto de las importaciones de ma\u00edz de Estados Unidos por el nuevo decreto del gobierno de Andr\u00e9s Manuel L\u00f3pez Obrador, ya que lo entregar\u00e1 la C\u00e1mara Mexicana de Ma\u00edz, agreg\u00f3 Jos\u00e9 Abugaber Andonie.<\/p>\n\n\n\n<blockquote class=\"wp-block-quote is-layout-flow wp-block-quote-is-layout-flow\"><p>\u201cTenemos que mandar un buen mensaje en el sentido de que somos dependientes de la importaci\u00f3n. Al ser dependientes de la importaci\u00f3n de ma\u00edz transg\u00e9nico se requiere tener todas las condiciones como pa\u00eds\u201d, manifest\u00f3 el industrial.<\/p><\/blockquote>\n\n\n\n<blockquote class=\"wp-block-quote is-layout-flow wp-block-quote-is-layout-flow\"><p>\u201cHoy lo que nos importa es que no falte el ma\u00edz, ya que es de primera necesidad para M\u00e9xico. Espero que no se le impongan aranceles al acero mexicano, ayer estuve con la C\u00e1mara del Acero y no le dijo nada\u201d, a\u00f1adi\u00f3 Jos\u00e9 Abugaber.<\/p><\/blockquote>\n\n\n\n<blockquote class=\"wp-block-quote is-layout-flow wp-block-quote-is-layout-flow\"><p>\u201cLo que nos importa es que tengamos una buena relaci\u00f3n y siga M\u00e9xico con Estados Unidos como hasta ahora\u201d, concluy\u00f3.<\/p><\/blockquote>\n\n\n\n<p>Fuente: <a href=\"https:\/\/www.forbes.com.mx\/concamin-pide-al-gobierno-evitar-conflictos-y-aranceles-con-eu-por-maiz-transgenico\/\" data-type=\"URL\" data-id=\"https:\/\/www.forbes.com.mx\/concamin-pide-al-gobierno-evitar-conflictos-y-aranceles-con-eu-por-maiz-transgenico\/\">Forbes<\/a> <\/p>\n","protected":false},"excerpt":{"rendered":"<p>Jos\u00e9 Abugaber Andonie, presidente de la Confederaci\u00f3n de C\u00e1maras Industriales&nbsp;(Concamin), asegur\u00f3 que a M\u00e9xico no le conviene un conflicto ni la imposici\u00f3n de aranceles por el&nbsp; nuevo decreto del gobierno de Andr\u00e9s Manuel L\u00f3pez Obrador sobre las importaciones de ma\u00edz transg\u00e9nico de Estados Unidos. \u201cNo nos convienen los aranceles en este pa\u00eds y en este [&hellip;]<\/p>\n","protected":false},"author":35,"featured_media":57694,"comment_status":"open","ping_status":"open","sticky":false,"template":"","format":"standard","meta":{"_monsterinsights_skip_tracking":false,"_monsterinsights_sitenote_active":false,"_monsterinsights_sitenote_note":"","_monsterinsights_sitenote_category":0,"footnotes":""},"categories":[157],"tags":[14569,10030,6826,183,7608,299,23225,9741],"class_list":["post-94647","post","type-post","status-publish","format-standard","has-post-thumbnail","hentry","category-nacional","tag-aranceles","tag-concamin","tag-conflictos","tag-estados-unidos","tag-evitar","tag-gobierno","tag-maiz-transgenico-2","tag-pide","wp-image-borders"],"amp_enabled":true,"_links":{"self":[{"href":"https:\/\/nvnoticias.mx\/index.php\/wp-json\/wp\/v2\/posts\/94647","targetHints":{"allow":["GET"]}}],"collection":[{"href":"https:\/\/nvnoticias.mx\/index.php\/wp-json\/wp\/v2\/posts"}],"about":[{"href":"https:\/\/nvnoticias.mx\/index.php\/wp-json\/wp\/v2\/types\/post"}],"author":[{"embeddable":true,"href":"https:\/\/nvnoticias.mx\/index.php\/wp-json\/wp\/v2\/users\/35"}],"replies":[{"embeddable":true,"href":"https:\/\/nvnoticias.mx\/index.php\/wp-json\/wp\/v2\/comments?post=94647"}],"version-history":[{"count":3,"href":"https:\/\/nvnoticias.mx\/index.php\/wp-json\/wp\/v2\/posts\/94647\/revisions"}],"predecessor-version":[{"id":94650,"href":"https:\/\/nvnoticias.mx\/index.php\/wp-json\/wp\/v2\/posts\/94647\/revisions\/94650"}],"wp:featuredmedia":[{"embeddable":true,"href":"https:\/\/nvnoticias.mx\/index.php\/wp-json\/wp\/v2\/media\/57694"}],"wp:attachment":[{"href":"https:\/\/nvnoticias.mx\/index.php\/wp-json\/wp\/v2\/media?parent=94647"}],"wp:term":[{"taxonomy":"category","embeddable":true,"href":"https:\/\/nvnoticias.mx\/index.php\/wp-json\/wp\/v2\/categories?post=94647"},{"taxonomy":"post_tag","embeddable":true,"href":"https:\/\/nvnoticias.mx\/index.php\/wp-json\/wp\/v2\/tags?post=94647"}],"curies":[{"name":"wp","href":"https:\/\/api.w.org\/{rel}","templated":true}]}}