{"id":94640,"date":"2023-02-17T14:58:26","date_gmt":"2023-02-17T20:58:26","guid":{"rendered":"https:\/\/nvnoticias.mx\/?p=94640"},"modified":"2023-02-17T14:58:27","modified_gmt":"2023-02-17T20:58:27","slug":"pese-a-balaceras-los-empresarios-y-ciudadanos-se-sienten-seguros-en-veracruz","status":"publish","type":"post","link":"https:\/\/nvnoticias.mx\/index.php\/2023\/02\/17\/pese-a-balaceras-los-empresarios-y-ciudadanos-se-sienten-seguros-en-veracruz\/","title":{"rendered":"Pese a balaceras los empresarios y ciudadanos se sienten seguros en Veracruz"},"content":{"rendered":"\n<p><strong>Jes\u00fas Utrilla | NV Noticias<\/strong><\/p>\n\n\n\n<p>Empresarios veracruzanos pidieron ser responsables con el manejo de la informaci\u00f3n sobre las \u00faltimas balaceras para no ahuyentar al turismo.<\/p>\n\n\n\n<p>El empresario restaurantero Sergio Pazos Navarrete, dijo que si se habla mal de Veracruz los paseantes pensar\u00e1n que hay focos rojos en materia de inseguridad cuando realmente han sido hechos aislados.<\/p>\n\n\n\n<p>Afirm\u00f3 que los empresarios y ciudadanos se sienten seguros pero en ocasiones la mala informaci\u00f3n circula en las redes sociales y atemoriza al turista.<\/p>\n\n\n\n<blockquote class=\"wp-block-quote is-layout-flow wp-block-quote-is-layout-flow\"><p>\u201cNo estigmatizar a Veracruz como un lugar inseguro, yo creo que la gente que vivimos en Veracruz, Boca del R\u00edo, Alvarado nos sentimos seguros, yo me siento muy seguro de vivir en Veracruz\u201d.<\/p><\/blockquote>\n\n\n\n<p>Insisti\u00f3 que si jo se sabe c\u00f3mo difundir ese tipo de balaceras entre criminales y polic\u00edas los afectados ser\u00e1n los veracruzanos porque dejar\u00e1 de haber generaci\u00f3n de derrama econ\u00f3mica.<\/p>\n\n\n\n<p>Pidi\u00f3 a la poblaci\u00f3n analizar la informaci\u00f3n que comparten en redes sociales, ya que en muchas ocasiones se desconocen los motivos del suceso.<\/p>\n\n\n\n<p>Por otro lado admiti\u00f3 que se mantienen las llamadas de extorsi\u00f3n contra los empresarios de Veracruz y Boca del R\u00edo, pero muchos cuelgan, denuncian con la polic\u00eda y no se dejan intimidar por los delincuentes.<\/p>\n","protected":false},"excerpt":{"rendered":"<p>Jes\u00fas Utrilla | NV Noticias Empresarios veracruzanos pidieron ser responsables con el manejo de la informaci\u00f3n sobre las \u00faltimas balaceras para no ahuyentar al turismo. El empresario restaurantero Sergio Pazos Navarrete, dijo que si se habla mal de Veracruz los paseantes pensar\u00e1n que hay focos rojos en materia de inseguridad cuando realmente han sido hechos [&hellip;]<\/p>\n","protected":false},"author":7,"featured_media":94641,"comment_status":"open","ping_status":"open","sticky":false,"template":"","format":"standard","meta":{"_monsterinsights_skip_tracking":false,"_monsterinsights_sitenote_active":false,"_monsterinsights_sitenote_note":"","_monsterinsights_sitenote_category":0,"footnotes":""},"categories":[154],"tags":[10767,2989,301,8862,180],"class_list":["post-94640","post","type-post","status-publish","format-standard","has-post-thumbnail","hentry","category-veracruz","tag-balaceras","tag-ciudadanos","tag-empresarios","tag-seguros","tag-veracruz","wp-image-borders"],"amp_enabled":true,"_links":{"self":[{"href":"https:\/\/nvnoticias.mx\/index.php\/wp-json\/wp\/v2\/posts\/94640","targetHints":{"allow":["GET"]}}],"collection":[{"href":"https:\/\/nvnoticias.mx\/index.php\/wp-json\/wp\/v2\/posts"}],"about":[{"href":"https:\/\/nvnoticias.mx\/index.php\/wp-json\/wp\/v2\/types\/post"}],"author":[{"embeddable":true,"href":"https:\/\/nvnoticias.mx\/index.php\/wp-json\/wp\/v2\/users\/7"}],"replies":[{"embeddable":true,"href":"https:\/\/nvnoticias.mx\/index.php\/wp-json\/wp\/v2\/comments?post=94640"}],"version-history":[{"count":1,"href":"https:\/\/nvnoticias.mx\/index.php\/wp-json\/wp\/v2\/posts\/94640\/revisions"}],"predecessor-version":[{"id":94642,"href":"https:\/\/nvnoticias.mx\/index.php\/wp-json\/wp\/v2\/posts\/94640\/revisions\/94642"}],"wp:featuredmedia":[{"embeddable":true,"href":"https:\/\/nvnoticias.mx\/index.php\/wp-json\/wp\/v2\/media\/94641"}],"wp:attachment":[{"href":"https:\/\/nvnoticias.mx\/index.php\/wp-json\/wp\/v2\/media?parent=94640"}],"wp:term":[{"taxonomy":"category","embeddable":true,"href":"https:\/\/nvnoticias.mx\/index.php\/wp-json\/wp\/v2\/categories?post=94640"},{"taxonomy":"post_tag","embeddable":true,"href":"https:\/\/nvnoticias.mx\/index.php\/wp-json\/wp\/v2\/tags?post=94640"}],"curies":[{"name":"wp","href":"https:\/\/api.w.org\/{rel}","templated":true}]}}