{"id":94523,"date":"2023-02-16T19:35:46","date_gmt":"2023-02-17T01:35:46","guid":{"rendered":"https:\/\/nvnoticias.mx\/?p=94523"},"modified":"2023-02-16T19:35:47","modified_gmt":"2023-02-17T01:35:47","slug":"los-crimenes-de-odio-se-siguen-presentando-en-el-estado-de-veracruz-se-requiere-area-especializada-para-su-atencion","status":"publish","type":"post","link":"https:\/\/nvnoticias.mx\/index.php\/2023\/02\/16\/los-crimenes-de-odio-se-siguen-presentando-en-el-estado-de-veracruz-se-requiere-area-especializada-para-su-atencion\/","title":{"rendered":"Los cr\u00edmenes de odio se siguen presentando en el Estado de Veracruz, se requiere \u00e1rea especializada para su atenci\u00f3n"},"content":{"rendered":"\n<p><strong>Jes\u00fas Utrilla | NV Noticias<\/strong><\/p>\n\n\n\n<p>Los cr\u00edmenes de odio se siguen presentando en el Estado de Veracruz y todos se mantienen en la impunidad, por ello se requiere de un \u00e1rea especializada que atienda los asesinatos, se\u00f1al\u00f3 Flippy Morales, presidenta de la Agrupaci\u00f3n Por un Veracruz sin Discriminaci\u00f3n.&nbsp;<\/p>\n\n\n\n<p>Dijo que es necesario que este tipo de dependencias est\u00e9n integradas por personas de la comunidad LGBT, pues son los que entienden los problemas del sector, pero adem\u00e1s cuentan con la sensibilidad para tratar con las chicas trans.&nbsp;<\/p>\n\n\n\n<blockquote class=\"wp-block-quote is-layout-flow wp-block-quote-is-layout-flow\"><p>\u201cNo ser\u00eda una fiscal\u00eda sino una direcci\u00f3n con personas de la comunidad. Donde las personas que atiendan a la comunidad conozcan la problem\u00e1tica que tenemos nosotros porque hay mucho servidor p\u00fablico dentro de la fiscal\u00eda que no tiene el tacto para tratar con una mujer trans o con alguien de la comunidad\u201d.\u00a0<\/p><\/blockquote>\n\n\n\n<p>Se\u00f1al\u00f3 que existe un alto grado de impunidad ya que los cr\u00edmenes de odio sin resolverse y sin castigo por ello el sector se siente desprotegido.&nbsp;<\/p>\n\n\n\n<blockquote class=\"wp-block-quote is-layout-flow wp-block-quote-is-layout-flow\"><p>\u201cEstamos cada d\u00eda peor en lo que es la seguridad en el Estado de Veracruz. Creo que lo m\u00e1s cercano que le sucedi\u00f3 a la comunidad fue el asesinato en el mercado, que fue un salvajismo\u201d.\u00a0\u00a0<\/p><\/blockquote>\n\n\n\n<p>Dijo que la poblaci\u00f3n ve que las autoridades no resuelven ning\u00fan caso y cada d\u00eda se est\u00e1 peor por lo que hizo un llamado a las autoridades a que realicen su trabajo.&nbsp;<\/p>\n","protected":false},"excerpt":{"rendered":"<p>Jes\u00fas Utrilla | NV Noticias Los cr\u00edmenes de odio se siguen presentando en el Estado de Veracruz y todos se mantienen en la impunidad, por ello se requiere de un \u00e1rea especializada que atienda los asesinatos, se\u00f1al\u00f3 Flippy Morales, presidenta de la Agrupaci\u00f3n Por un Veracruz sin Discriminaci\u00f3n.&nbsp; Dijo que es necesario que este tipo [&hellip;]<\/p>\n","protected":false},"author":7,"featured_media":94524,"comment_status":"open","ping_status":"open","sticky":false,"template":"","format":"standard","meta":{"_monsterinsights_skip_tracking":false,"_monsterinsights_sitenote_active":false,"_monsterinsights_sitenote_note":"","_monsterinsights_sitenote_category":0,"footnotes":""},"categories":[154],"tags":[8641,3255,180],"class_list":["post-94523","post","type-post","status-publish","format-standard","has-post-thumbnail","hentry","category-veracruz","tag-atencion","tag-crimenes-de-odio","tag-veracruz","wp-image-borders"],"amp_enabled":true,"_links":{"self":[{"href":"https:\/\/nvnoticias.mx\/index.php\/wp-json\/wp\/v2\/posts\/94523","targetHints":{"allow":["GET"]}}],"collection":[{"href":"https:\/\/nvnoticias.mx\/index.php\/wp-json\/wp\/v2\/posts"}],"about":[{"href":"https:\/\/nvnoticias.mx\/index.php\/wp-json\/wp\/v2\/types\/post"}],"author":[{"embeddable":true,"href":"https:\/\/nvnoticias.mx\/index.php\/wp-json\/wp\/v2\/users\/7"}],"replies":[{"embeddable":true,"href":"https:\/\/nvnoticias.mx\/index.php\/wp-json\/wp\/v2\/comments?post=94523"}],"version-history":[{"count":1,"href":"https:\/\/nvnoticias.mx\/index.php\/wp-json\/wp\/v2\/posts\/94523\/revisions"}],"predecessor-version":[{"id":94525,"href":"https:\/\/nvnoticias.mx\/index.php\/wp-json\/wp\/v2\/posts\/94523\/revisions\/94525"}],"wp:featuredmedia":[{"embeddable":true,"href":"https:\/\/nvnoticias.mx\/index.php\/wp-json\/wp\/v2\/media\/94524"}],"wp:attachment":[{"href":"https:\/\/nvnoticias.mx\/index.php\/wp-json\/wp\/v2\/media?parent=94523"}],"wp:term":[{"taxonomy":"category","embeddable":true,"href":"https:\/\/nvnoticias.mx\/index.php\/wp-json\/wp\/v2\/categories?post=94523"},{"taxonomy":"post_tag","embeddable":true,"href":"https:\/\/nvnoticias.mx\/index.php\/wp-json\/wp\/v2\/tags?post=94523"}],"curies":[{"name":"wp","href":"https:\/\/api.w.org\/{rel}","templated":true}]}}