{"id":94305,"date":"2023-02-15T12:14:30","date_gmt":"2023-02-15T18:14:30","guid":{"rendered":"https:\/\/nvnoticias.mx\/?p=94305"},"modified":"2023-02-15T12:14:31","modified_gmt":"2023-02-15T18:14:31","slug":"usuarios-de-san-julian-piden-que-saeta-les-brinde-el-servicio-de-transporte","status":"publish","type":"post","link":"https:\/\/nvnoticias.mx\/index.php\/2023\/02\/15\/usuarios-de-san-julian-piden-que-saeta-les-brinde-el-servicio-de-transporte\/","title":{"rendered":"Usuarios de San Juli\u00e1n piden que Saeta les brinde el servicio de transporte"},"content":{"rendered":"\n<p><strong>Jes\u00fas Utrilla | NV Noticias<\/strong><\/p>\n\n\n\n<p>Advierten habitantes de San Juli\u00e1n que volver\u00e1n a movilizarse hasta que les resuelvan el problema de movilidad.<\/p>\n\n\n\n<p>La habitante del lugar y usuaria del transporte p\u00fablico, Viridiana G\u00f3mez Jim\u00e9nez, dijo que no tienen forma de llegar de manera directa al centro de Veracruz.<br>Adem\u00e1s les quieren imponer a la ruta 92 cuyas unidades presentan altas deficiencias como cristales rotos, asientos descompuestos y adem\u00e1s le suspenden los traslados cuando los concesionarios lo deciden.<\/p>\n\n\n\n<p>Por ello pidieron una vez m\u00e1s que sea la l\u00ednea Saeta la que les brinde el servicio de transporte p\u00fablico.<\/p>\n\n\n\n<blockquote class=\"wp-block-quote is-layout-flow wp-block-quote-is-layout-flow\"><p>\u201cNosotros como comunidad le solicitamos al se\u00f1or Sa\u00fal Enr\u00edquez Hern\u00e1ndez el servicio de la l\u00ednea Saeta para San Juli\u00e1n, haciendo una reuni\u00f3n con transporte p\u00fablico y de com\u00fan acuerdo que nosotros pod\u00edamos tener esa ruta, ya que el pueblo era quien lo estaba solicitando. Saeta presta los servicios para la comunidad San Juli\u00e1n-SantaFe, pero vuelven a integrar la ruta 92 sin previo aviso, pero ya es por mandato o imposici\u00f3n\u201d.<\/p><\/blockquote>\n\n\n\n<p>Aunque San Juli\u00e1n se encuentra a 10 kil\u00f3metros del Puerto de Veracruz los habitantes deben de caminar hasta la carretera federal para esperar el autob\u00fas AU.<\/p>\n\n\n\n<p>Adem\u00e1s la ruta 92 es San Juli\u00e1n, Santa Fe, Villar\u00edn, Tejer\u00eda, Las Bajadas, Miguel Alem\u00e1n y no lleva directo al centro de Veracruz.<\/p>\n\n\n\n<blockquote class=\"wp-block-quote is-layout-flow wp-block-quote-is-layout-flow\"><p>\u201cSaeta nos sigue prestando el servicio pero solo es bordeando Veracruz, es decir por Ej\u00e9rcito Mexicano, por Boca del R\u00edo y desde all\u00e1 debemos de trasladarnos al centro de Veracruz. Seguimos en pie de lucha, esto no se ha terminado\u201d.<\/p><\/blockquote>\n\n\n\n<p>Recordaron que ellos como usuarios pagan por un servicio y al final es malo por ello mantendr\u00e1n las manifestaciones.<\/p>\n","protected":false},"excerpt":{"rendered":"<p>Jes\u00fas Utrilla | NV Noticias Advierten habitantes de San Juli\u00e1n que volver\u00e1n a movilizarse hasta que les resuelvan el problema de movilidad. La habitante del lugar y usuaria del transporte p\u00fablico, Viridiana G\u00f3mez Jim\u00e9nez, dijo que no tienen forma de llegar de manera directa al centro de Veracruz.Adem\u00e1s les quieren imponer a la ruta 92 [&hellip;]<\/p>\n","protected":false},"author":35,"featured_media":94306,"comment_status":"open","ping_status":"open","sticky":false,"template":"","format":"standard","meta":{"_monsterinsights_skip_tracking":false,"_monsterinsights_sitenote_active":false,"_monsterinsights_sitenote_note":"","_monsterinsights_sitenote_category":0,"footnotes":""},"categories":[154],"tags":[23228,23124,13659,3204,3892,3237],"class_list":["post-94305","post","type-post","status-publish","format-standard","has-post-thumbnail","hentry","category-veracruz","tag-brinde","tag-saeta","tag-san-julian","tag-servicio","tag-transporte","tag-usuarios","wp-image-borders"],"amp_enabled":true,"_links":{"self":[{"href":"https:\/\/nvnoticias.mx\/index.php\/wp-json\/wp\/v2\/posts\/94305","targetHints":{"allow":["GET"]}}],"collection":[{"href":"https:\/\/nvnoticias.mx\/index.php\/wp-json\/wp\/v2\/posts"}],"about":[{"href":"https:\/\/nvnoticias.mx\/index.php\/wp-json\/wp\/v2\/types\/post"}],"author":[{"embeddable":true,"href":"https:\/\/nvnoticias.mx\/index.php\/wp-json\/wp\/v2\/users\/35"}],"replies":[{"embeddable":true,"href":"https:\/\/nvnoticias.mx\/index.php\/wp-json\/wp\/v2\/comments?post=94305"}],"version-history":[{"count":1,"href":"https:\/\/nvnoticias.mx\/index.php\/wp-json\/wp\/v2\/posts\/94305\/revisions"}],"predecessor-version":[{"id":94307,"href":"https:\/\/nvnoticias.mx\/index.php\/wp-json\/wp\/v2\/posts\/94305\/revisions\/94307"}],"wp:featuredmedia":[{"embeddable":true,"href":"https:\/\/nvnoticias.mx\/index.php\/wp-json\/wp\/v2\/media\/94306"}],"wp:attachment":[{"href":"https:\/\/nvnoticias.mx\/index.php\/wp-json\/wp\/v2\/media?parent=94305"}],"wp:term":[{"taxonomy":"category","embeddable":true,"href":"https:\/\/nvnoticias.mx\/index.php\/wp-json\/wp\/v2\/categories?post=94305"},{"taxonomy":"post_tag","embeddable":true,"href":"https:\/\/nvnoticias.mx\/index.php\/wp-json\/wp\/v2\/tags?post=94305"}],"curies":[{"name":"wp","href":"https:\/\/api.w.org\/{rel}","templated":true}]}}