{"id":94301,"date":"2023-02-15T11:58:38","date_gmt":"2023-02-15T17:58:38","guid":{"rendered":"https:\/\/nvnoticias.mx\/?p=94301"},"modified":"2023-02-15T11:58:39","modified_gmt":"2023-02-15T17:58:39","slug":"critica-amlo-que-agencias-de-eu-no-hayan-declarado-en-juicio-contra-garcia-luna","status":"publish","type":"post","link":"https:\/\/nvnoticias.mx\/index.php\/2023\/02\/15\/critica-amlo-que-agencias-de-eu-no-hayan-declarado-en-juicio-contra-garcia-luna\/","title":{"rendered":"Critica AMLO que agencias de EU no hayan declarado en juicio contra Garc\u00eda Luna"},"content":{"rendered":"\n<p>El presidente Andr\u00e9s Manuel L\u00f3pez Obrador critic\u00f3 este mi\u00e9rcoles que en el juicio en contra de\u00a0<strong>Genaro Garc\u00eda Luna<\/strong>, exsecretario de Seguridad P\u00fablica, no hayan declarado los integrantes de\u00a0<strong>agencias estadounidenses<\/strong>\u00a0encargadas del combate al narcotr\u00e1fico.\u00a0<\/p>\n\n\n\n<p>En conferencia de prensa matutina, el jefe del Ejecutivo federal tambi\u00e9n cuestion\u00f3 que no se haya permitido que se dieran a conocer los\u00a0<strong>bienes\u00a0<\/strong>de Garc\u00eda Luna en Miami, Florida, pues se\u00f1al\u00f3 que si se desea conocer sobre un delito se le debe de seguir la pista al dinero.\u00a0<\/p>\n\n\n\n<p>En Palacio Nacional, el Mandatario federal tambi\u00e9n critic\u00f3 que en el\u00a0<strong>juicio\u00a0<\/strong>no se haya tratado el tema del programa de\u00a0<strong>\u201cR\u00e1pido y Furioso\u201d<\/strong>, en el que durante el sexenio de\u00a0<strong>Felipe Calder\u00f3n<\/strong>\u00a0se introdujeron armas de Estados Unidos a nuestro pa\u00eds.<\/p>\n\n\n\n<blockquote class=\"wp-block-quote is-layout-flow wp-block-quote-is-layout-flow\"><p>\u201c\u00bfPor qu\u00e9 no se permiti\u00f3 que se dieran a conocer los bienes en Florida? \u00bfDe d\u00f3nde surgi\u00f3 eso? Si es elemental que para conocer sobre el delito hay que seguirle la pista al dinero. \u00bfDe d\u00f3nde tanto dinero para casas, departamentos, yates, carros de lujo en Miami? Y luego el por qu\u00e9 all\u00e1, por qu\u00e9 no en Guatemala, en Argentina, por qu\u00e9 en Estados Unidos.<\/p><\/blockquote>\n\n\n\n<blockquote class=\"wp-block-quote is-layout-flow wp-block-quote-is-layout-flow\"><p>\u201cY otra pregunta tambi\u00e9n, \u00bfqu\u00e9 no sab\u00edan los de las agencias que tiene a su cargo el\u00a0<strong>narcotr\u00e1fico<\/strong>, lo que hac\u00eda Garc\u00eda Luna? \u00bfPor qu\u00e9 no declararon ellos? \u00bfPor qu\u00e9 no se trat\u00f3 lo de &#8216;R\u00e1pido y Furioso&#8217;, la introducci\u00f3n de armas en ese tiempo?\u201d, declar\u00f3.<\/p><\/blockquote>\n\n\n\n<p>Fuente: <a href=\"https:\/\/www.eluniversal.com.mx\/nacion\/juicio-contra-garcia-luna-amlo-critica-que-agencias-de-eu-no-hayan-declarado\" data-type=\"URL\" data-id=\"https:\/\/www.eluniversal.com.mx\/nacion\/juicio-contra-garcia-luna-amlo-critica-que-agencias-de-eu-no-hayan-declarado\">El Universal<\/a><\/p>\n","protected":false},"excerpt":{"rendered":"<p>El presidente Andr\u00e9s Manuel L\u00f3pez Obrador critic\u00f3 este mi\u00e9rcoles que en el juicio en contra de\u00a0Genaro Garc\u00eda Luna, exsecretario de Seguridad P\u00fablica, no hayan declarado los integrantes de\u00a0agencias estadounidenses\u00a0encargadas del combate al narcotr\u00e1fico.\u00a0 En conferencia de prensa matutina, el jefe del Ejecutivo federal tambi\u00e9n cuestion\u00f3 que no se haya permitido que se dieran a conocer [&hellip;]<\/p>\n","protected":false},"author":35,"featured_media":83048,"comment_status":"open","ping_status":"open","sticky":false,"template":"","format":"standard","meta":{"_monsterinsights_skip_tracking":false,"_monsterinsights_sitenote_active":false,"_monsterinsights_sitenote_note":"","_monsterinsights_sitenote_category":0,"footnotes":""},"categories":[158],"tags":[17912,188,12250,23226,183,4504,1042],"class_list":["post-94301","post","type-post","status-publish","format-standard","has-post-thumbnail","hentry","category-politica","tag-agencias","tag-amlo","tag-critica-2","tag-declarado","tag-estados-unidos","tag-genaro-garcia-luna","tag-juicio","wp-image-borders"],"amp_enabled":true,"_links":{"self":[{"href":"https:\/\/nvnoticias.mx\/index.php\/wp-json\/wp\/v2\/posts\/94301","targetHints":{"allow":["GET"]}}],"collection":[{"href":"https:\/\/nvnoticias.mx\/index.php\/wp-json\/wp\/v2\/posts"}],"about":[{"href":"https:\/\/nvnoticias.mx\/index.php\/wp-json\/wp\/v2\/types\/post"}],"author":[{"embeddable":true,"href":"https:\/\/nvnoticias.mx\/index.php\/wp-json\/wp\/v2\/users\/35"}],"replies":[{"embeddable":true,"href":"https:\/\/nvnoticias.mx\/index.php\/wp-json\/wp\/v2\/comments?post=94301"}],"version-history":[{"count":1,"href":"https:\/\/nvnoticias.mx\/index.php\/wp-json\/wp\/v2\/posts\/94301\/revisions"}],"predecessor-version":[{"id":94302,"href":"https:\/\/nvnoticias.mx\/index.php\/wp-json\/wp\/v2\/posts\/94301\/revisions\/94302"}],"wp:featuredmedia":[{"embeddable":true,"href":"https:\/\/nvnoticias.mx\/index.php\/wp-json\/wp\/v2\/media\/83048"}],"wp:attachment":[{"href":"https:\/\/nvnoticias.mx\/index.php\/wp-json\/wp\/v2\/media?parent=94301"}],"wp:term":[{"taxonomy":"category","embeddable":true,"href":"https:\/\/nvnoticias.mx\/index.php\/wp-json\/wp\/v2\/categories?post=94301"},{"taxonomy":"post_tag","embeddable":true,"href":"https:\/\/nvnoticias.mx\/index.php\/wp-json\/wp\/v2\/tags?post=94301"}],"curies":[{"name":"wp","href":"https:\/\/api.w.org\/{rel}","templated":true}]}}