{"id":94267,"date":"2023-02-15T09:49:48","date_gmt":"2023-02-15T15:49:48","guid":{"rendered":"https:\/\/nvnoticias.mx\/?p=94267"},"modified":"2023-02-15T09:49:50","modified_gmt":"2023-02-15T15:49:50","slug":"persiste-susto-por-la-inflacion-en-eu-y-la-fed-preve-mas-alza-en-las-tasas","status":"publish","type":"post","link":"https:\/\/nvnoticias.mx\/index.php\/2023\/02\/15\/persiste-susto-por-la-inflacion-en-eu-y-la-fed-preve-mas-alza-en-las-tasas\/","title":{"rendered":"Persiste \u2018susto\u2019 por la inflaci\u00f3n en EU y la Fed prev\u00e9 m\u00e1s alza en las tasas"},"content":{"rendered":"\n<p>La<strong>inflaci\u00f3n en Estados Unidos<\/strong>\u00a0se moder\u00f3 levemente en enero y se ubic\u00f3 en 6.4 por ciento anual, por encima del 6.2 por ciento estimado por el mercado, con lo que elev\u00f3 la posibilidad de m\u00e1s\u00a0<strong>incrementos a la tasa de inter\u00e9s\u00a0<\/strong>por parte de la\u00a0<strong>Reserva Federal\u00a0(Fed)<\/strong>, de acuerdo con analistas.<\/p>\n\n\n\n<p>El\u00a0<strong>\u00cdndice de Precios al Consumidor<\/strong>\u00a0subi\u00f3 0.5 por ciento mensual, la mayor alza desde octubre, seg\u00fan datos del Departamento del Trabajo. La\u00a0<strong>inflaci\u00f3n\u00a0subyacente\u00a0<\/strong>avanz\u00f3 0.4 por ciento mensual y se situ\u00f3 en 5.6 por ciento anual, desde el 5.7 por ciento del cierre del 2022, pero por encima del 5.5 por ciento previsto por los analistas.PUBLICIDAD<\/p>\n\n\n\n<p>V\u00edctor Ceja, economista en jefe de Valmex, dijo que la trayectoria de la\u00a0<strong>inflaci\u00f3n<\/strong>\u00a0es la correcta, pero el proceso ser\u00e1 todav\u00eda largo por lo que se llegar\u00eda a la meta de la\u00a0<strong>Fed\u00a0<\/strong>de 2 por ciento hasta finales del 2024 y con una<strong>\u00a0leve recesi\u00f3n\u00a0<\/strong>a finales de este a\u00f1o, por efecto de los incrementos a la\u00a0<strong>tasa de inter\u00e9s<\/strong>.<\/p>\n\n\n\n<blockquote class=\"wp-block-quote is-layout-flow wp-block-quote-is-layout-flow\"><p>\u201cLos miembros del\u00a0<strong>Comit\u00e9 de Mercado Abierto de la Fed<\/strong>\u00a0requieren tiempo para evaluar si el nivel terminal de la\u00a0<strong>tasa<\/strong>\u00a0es el adecuado para que se debilite m\u00e1s la\u00a0<strong>econom\u00eda<\/strong>, en particular el inmobiliario y laboral\u201d, dijo a El Financiero Bloomberg.<\/p><\/blockquote>\n\n\n\n<p>James Salazar, subdirector de an\u00e1lisis econ\u00f3mico de CIBanco, se\u00f1al\u00f3 que las cifras demuestran que habr\u00e1 ciertos obst\u00e1culos para converger al objetivo de la<strong>\u00a0Fed<\/strong>. \u201cCoincidimos en que es necesario continuar con el\u00a0<strong>alza de tasas de inter\u00e9s<\/strong>\u201d, dijo Salazar a El Financiero Bloomberg.<\/p>\n\n\n\n<p>Fuente: <a href=\"https:\/\/www.elfinanciero.com.mx\/economia\/2023\/02\/15\/anticipan-mas-alzas-en-la-tasa-de-la-fed-tras-dato-de-inflacion\/\" data-type=\"URL\" data-id=\"https:\/\/www.elfinanciero.com.mx\/economia\/2023\/02\/15\/anticipan-mas-alzas-en-la-tasa-de-la-fed-tras-dato-de-inflacion\/\">El Financiero<\/a> <\/p>\n","protected":false},"excerpt":{"rendered":"<p>Lainflaci\u00f3n en Estados Unidos\u00a0se moder\u00f3 levemente en enero y se ubic\u00f3 en 6.4 por ciento anual, por encima del 6.2 por ciento estimado por el mercado, con lo que elev\u00f3 la posibilidad de m\u00e1s\u00a0incrementos a la tasa de inter\u00e9s\u00a0por parte de la\u00a0Reserva Federal\u00a0(Fed), de acuerdo con analistas. El\u00a0\u00cdndice de Precios al Consumidor\u00a0subi\u00f3 0.5 por ciento [&hellip;]<\/p>\n","protected":false},"author":35,"featured_media":40517,"comment_status":"open","ping_status":"open","sticky":false,"template":"","format":"standard","meta":{"_monsterinsights_skip_tracking":false,"_monsterinsights_sitenote_active":false,"_monsterinsights_sitenote_note":"","_monsterinsights_sitenote_category":0,"footnotes":""},"categories":[181],"tags":[7541,183,2978,11547,162,9676,23219,9975],"class_list":["post-94267","post","type-post","status-publish","format-standard","has-post-thumbnail","hentry","category-internacional","tag-alza","tag-estados-unidos","tag-inflacion","tag-persiste","tag-portada","tag-preve","tag-susto","tag-tasas","wp-image-borders"],"amp_enabled":true,"_links":{"self":[{"href":"https:\/\/nvnoticias.mx\/index.php\/wp-json\/wp\/v2\/posts\/94267","targetHints":{"allow":["GET"]}}],"collection":[{"href":"https:\/\/nvnoticias.mx\/index.php\/wp-json\/wp\/v2\/posts"}],"about":[{"href":"https:\/\/nvnoticias.mx\/index.php\/wp-json\/wp\/v2\/types\/post"}],"author":[{"embeddable":true,"href":"https:\/\/nvnoticias.mx\/index.php\/wp-json\/wp\/v2\/users\/35"}],"replies":[{"embeddable":true,"href":"https:\/\/nvnoticias.mx\/index.php\/wp-json\/wp\/v2\/comments?post=94267"}],"version-history":[{"count":4,"href":"https:\/\/nvnoticias.mx\/index.php\/wp-json\/wp\/v2\/posts\/94267\/revisions"}],"predecessor-version":[{"id":94271,"href":"https:\/\/nvnoticias.mx\/index.php\/wp-json\/wp\/v2\/posts\/94267\/revisions\/94271"}],"wp:featuredmedia":[{"embeddable":true,"href":"https:\/\/nvnoticias.mx\/index.php\/wp-json\/wp\/v2\/media\/40517"}],"wp:attachment":[{"href":"https:\/\/nvnoticias.mx\/index.php\/wp-json\/wp\/v2\/media?parent=94267"}],"wp:term":[{"taxonomy":"category","embeddable":true,"href":"https:\/\/nvnoticias.mx\/index.php\/wp-json\/wp\/v2\/categories?post=94267"},{"taxonomy":"post_tag","embeddable":true,"href":"https:\/\/nvnoticias.mx\/index.php\/wp-json\/wp\/v2\/tags?post=94267"}],"curies":[{"name":"wp","href":"https:\/\/api.w.org\/{rel}","templated":true}]}}