{"id":9426,"date":"2021-03-30T12:56:25","date_gmt":"2021-03-30T18:56:25","guid":{"rendered":"https:\/\/nvnoticias.mx\/?p=9426"},"modified":"2021-03-30T12:56:26","modified_gmt":"2021-03-30T18:56:26","slug":"vecinos-de-colinas-de-santa-fe-no-tienen-agua-ni-luz","status":"publish","type":"post","link":"https:\/\/nvnoticias.mx\/index.php\/2021\/03\/30\/vecinos-de-colinas-de-santa-fe-no-tienen-agua-ni-luz\/","title":{"rendered":"Vecinos de Colinas de Santa Fe no tienen agua ni luz"},"content":{"rendered":"\n<p><strong>Jes\u00fas Utrilla \/ NV Noticias<\/strong><strong><\/strong><\/p>\n\n\n\n<p>Veracruz.- Vecinos de Colinas de Santa Fe acusaron que siguen sin suministro de agua y luz por lo que pidieron una mesa de di\u00e1logo con el Infonavit y el Fovissste, pues una nueva constructora comenz\u00f3 a vender en el fraccionamiento.<\/p>\n\n\n\n<p>Mayra Garc\u00eda Cort\u00e9s, presidenta de la Asociaci\u00f3n Civil Colinas de Santa Fe, se\u00f1al\u00f3 que tambi\u00e9n rehabilitar\u00e1n viviendas, cuando existen m\u00faltiples problemas en el lugar.<\/p>\n\n\n\n<p>Se\u00f1al\u00f3 que las calles se desgastaron y est\u00e1n en mal estado, no cuentan con alumbrado p\u00fablico y las \u00e1reas verdes necesitan&nbsp; atenderse.<\/p>\n\n\n\n<blockquote class=\"wp-block-quote is-layout-flow wp-block-quote-is-layout-flow\"><p>\u201cSomos m\u00e1s de 5 mil 600 viviendas dentro del fraccionamiento. Hay una nueva empresa que compr\u00f3 un lote y empezaron a remodelar, son 77 casas para vender pero falta que nos regularicen. Por eso solicitamos que nos den una explicaci\u00f3n ya que estamos en total abandono\u201d.<\/p><\/blockquote>\n\n\n\n<p>Garc\u00eda Cort\u00e9s dijo que el proyecto anunciado por la autoridad municipal beneficiar\u00e1 a la nueva secci\u00f3n y no a quienes viven desde anta\u00f1o en Colinas de Santa Fe.<\/p>\n","protected":false},"excerpt":{"rendered":"<p>Jes\u00fas Utrilla \/ NV Noticias Veracruz.- Vecinos de Colinas de Santa Fe acusaron que siguen sin suministro de agua y luz por lo que pidieron una mesa de di\u00e1logo con el Infonavit y el Fovissste, pues una nueva constructora comenz\u00f3 a vender en el fraccionamiento. Mayra Garc\u00eda Cort\u00e9s, presidenta de la Asociaci\u00f3n Civil Colinas de [&hellip;]<\/p>\n","protected":false},"author":6,"featured_media":9427,"comment_status":"open","ping_status":"open","sticky":false,"template":"","format":"standard","meta":{"_monsterinsights_skip_tracking":false,"_monsterinsights_sitenote_active":false,"_monsterinsights_sitenote_note":"","_monsterinsights_sitenote_category":0,"footnotes":""},"categories":[154],"tags":[594,2526,951],"class_list":["post-9426","post","type-post","status-publish","format-standard","has-post-thumbnail","hentry","category-veracruz","tag-agua","tag-colinas-de-santa-fe","tag-luz","wp-image-borders"],"amp_enabled":true,"_links":{"self":[{"href":"https:\/\/nvnoticias.mx\/index.php\/wp-json\/wp\/v2\/posts\/9426","targetHints":{"allow":["GET"]}}],"collection":[{"href":"https:\/\/nvnoticias.mx\/index.php\/wp-json\/wp\/v2\/posts"}],"about":[{"href":"https:\/\/nvnoticias.mx\/index.php\/wp-json\/wp\/v2\/types\/post"}],"author":[{"embeddable":true,"href":"https:\/\/nvnoticias.mx\/index.php\/wp-json\/wp\/v2\/users\/6"}],"replies":[{"embeddable":true,"href":"https:\/\/nvnoticias.mx\/index.php\/wp-json\/wp\/v2\/comments?post=9426"}],"version-history":[{"count":1,"href":"https:\/\/nvnoticias.mx\/index.php\/wp-json\/wp\/v2\/posts\/9426\/revisions"}],"predecessor-version":[{"id":9428,"href":"https:\/\/nvnoticias.mx\/index.php\/wp-json\/wp\/v2\/posts\/9426\/revisions\/9428"}],"wp:featuredmedia":[{"embeddable":true,"href":"https:\/\/nvnoticias.mx\/index.php\/wp-json\/wp\/v2\/media\/9427"}],"wp:attachment":[{"href":"https:\/\/nvnoticias.mx\/index.php\/wp-json\/wp\/v2\/media?parent=9426"}],"wp:term":[{"taxonomy":"category","embeddable":true,"href":"https:\/\/nvnoticias.mx\/index.php\/wp-json\/wp\/v2\/categories?post=9426"},{"taxonomy":"post_tag","embeddable":true,"href":"https:\/\/nvnoticias.mx\/index.php\/wp-json\/wp\/v2\/tags?post=9426"}],"curies":[{"name":"wp","href":"https:\/\/api.w.org\/{rel}","templated":true}]}}