{"id":94234,"date":"2023-02-14T15:00:16","date_gmt":"2023-02-14T21:00:16","guid":{"rendered":"https:\/\/nvnoticias.mx\/?p=94234"},"modified":"2023-02-14T15:00:17","modified_gmt":"2023-02-14T21:00:17","slug":"realizan-bodas-colectivas-en-veracruz-se-casan-646-parejas","status":"publish","type":"post","link":"https:\/\/nvnoticias.mx\/index.php\/2023\/02\/14\/realizan-bodas-colectivas-en-veracruz-se-casan-646-parejas\/","title":{"rendered":"Realizan Bodas Colectivas en Veracruz; se casan 646 parejas"},"content":{"rendered":"\n<p><strong>Jes\u00fas Utrilla | NV Noticias<\/strong><\/p>\n\n\n\n<p>Se casaron en el z\u00f3calo de Veracruz 646 parejas como parte de las Bodas Colectivas, la alcaldesa Patricia Lobeira Rodr\u00edguez fue testigo de honor.<\/p>\n\n\n\n<p>Destac\u00f3 la importancia de que las parejas legalicen su uni\u00f3n y la colaboraci\u00f3n del ayuntamiento y el Registro Civil para lograr a\u00f1o con a\u00f1o, dicho objetivo que beneficia no solo a los contrayentes, sino tambi\u00e9n a sus hijos.<\/p>\n\n\n\n<p>Del total de parejas, 10 fueron del mismo sexo porque hace m\u00e1s de 10 meses se modifico el C\u00f3digo Civil del Estado y ya se permiten los matrimonios igualitarios sin necesidad de amparo.<\/p>\n\n\n\n<blockquote class=\"wp-block-quote is-layout-flow wp-block-quote-is-layout-flow\"><p>\u201cTuvimos set de fotos para ellos, el brindis. Se inscribieron 10 parejas del mismo sexo y eso tambi\u00e9n nos da mucho gusto. El a\u00f1o pasado como todav\u00eda segu\u00eda fuerte el COVID solo se inscribieron 300 parejas y ahora lo duplicamos\u201d.<\/p><\/blockquote>\n\n\n\n<p>La pareja m\u00e1s joven ten\u00eda 18 y 19 a\u00f1os de edad y la m\u00e1s longeva 75 a\u00f1os.<\/p>\n\n\n\n<p>Hubo premios para la pareja m\u00e1s representativa, la pareja m\u00e1s joven, la que ten\u00eda m\u00e1s a\u00f1os de vivir juntos, la m\u00e1s longeva, la que se inscribi\u00f3 primero, entre otros.<\/p>\n\n\n\n<blockquote class=\"wp-block-quote is-layout-flow wp-block-quote-is-layout-flow\"><p>\u201cTenemos regalos para la pareja, m\u00e1s longeva, los m\u00e1s j\u00f3venes, la pareja que lleva m\u00e1s tiempo juntos, lo que quisimos es que fuera un d\u00eda especial para ellos porque fue el d\u00eda de su boda, el d\u00eda que cambia sus vidas para siempre de manera bonita y alegre\u201d.<\/p><\/blockquote>\n\n\n\n<p>Las parejas se ahorraron cerca de mil 200 pesos por el tr\u00e1mite.<\/p>\n","protected":false},"excerpt":{"rendered":"<p>Jes\u00fas Utrilla | NV Noticias Se casaron en el z\u00f3calo de Veracruz 646 parejas como parte de las Bodas Colectivas, la alcaldesa Patricia Lobeira Rodr\u00edguez fue testigo de honor. Destac\u00f3 la importancia de que las parejas legalicen su uni\u00f3n y la colaboraci\u00f3n del ayuntamiento y el Registro Civil para lograr a\u00f1o con a\u00f1o, dicho objetivo [&hellip;]<\/p>\n","protected":false},"author":7,"featured_media":94235,"comment_status":"open","ping_status":"open","sticky":false,"template":"","format":"standard","meta":{"_monsterinsights_skip_tracking":false,"_monsterinsights_sitenote_active":false,"_monsterinsights_sitenote_note":"","_monsterinsights_sitenote_category":0,"footnotes":""},"categories":[154],"tags":[9538,10319,180],"class_list":["post-94234","post","type-post","status-publish","format-standard","has-post-thumbnail","hentry","category-veracruz","tag-bodas-colectivas","tag-parejas","tag-veracruz","wp-image-borders"],"amp_enabled":true,"_links":{"self":[{"href":"https:\/\/nvnoticias.mx\/index.php\/wp-json\/wp\/v2\/posts\/94234","targetHints":{"allow":["GET"]}}],"collection":[{"href":"https:\/\/nvnoticias.mx\/index.php\/wp-json\/wp\/v2\/posts"}],"about":[{"href":"https:\/\/nvnoticias.mx\/index.php\/wp-json\/wp\/v2\/types\/post"}],"author":[{"embeddable":true,"href":"https:\/\/nvnoticias.mx\/index.php\/wp-json\/wp\/v2\/users\/7"}],"replies":[{"embeddable":true,"href":"https:\/\/nvnoticias.mx\/index.php\/wp-json\/wp\/v2\/comments?post=94234"}],"version-history":[{"count":1,"href":"https:\/\/nvnoticias.mx\/index.php\/wp-json\/wp\/v2\/posts\/94234\/revisions"}],"predecessor-version":[{"id":94236,"href":"https:\/\/nvnoticias.mx\/index.php\/wp-json\/wp\/v2\/posts\/94234\/revisions\/94236"}],"wp:featuredmedia":[{"embeddable":true,"href":"https:\/\/nvnoticias.mx\/index.php\/wp-json\/wp\/v2\/media\/94235"}],"wp:attachment":[{"href":"https:\/\/nvnoticias.mx\/index.php\/wp-json\/wp\/v2\/media?parent=94234"}],"wp:term":[{"taxonomy":"category","embeddable":true,"href":"https:\/\/nvnoticias.mx\/index.php\/wp-json\/wp\/v2\/categories?post=94234"},{"taxonomy":"post_tag","embeddable":true,"href":"https:\/\/nvnoticias.mx\/index.php\/wp-json\/wp\/v2\/tags?post=94234"}],"curies":[{"name":"wp","href":"https:\/\/api.w.org\/{rel}","templated":true}]}}