{"id":94231,"date":"2023-02-14T15:02:17","date_gmt":"2023-02-14T21:02:17","guid":{"rendered":"https:\/\/nvnoticias.mx\/?p=94231"},"modified":"2023-02-14T15:02:19","modified_gmt":"2023-02-14T21:02:19","slug":"presenta-ferrari-el-sf-23-el-retador-de-red-bull","status":"publish","type":"post","link":"https:\/\/nvnoticias.mx\/index.php\/2023\/02\/14\/presenta-ferrari-el-sf-23-el-retador-de-red-bull\/","title":{"rendered":"Presenta Ferrari el SF-23 el \u2018retador\u2019 de Red Bull"},"content":{"rendered":"\n<p>Ferrari\u00a0present\u00f3 este martes\u00a0<strong>el SF-23<\/strong>, el nuevo monoplaza para el Mundial de\u00a0F\u00f3rmula 1, con una puesta en escena diferente a la del resto de equipos, pues el espa\u00f1ol Carlos Sainz y el monegasco Charles Leclerc\u00a0<strong>lo estrenaron en pista<\/strong>.<\/p>\n\n\n\n<p>No fue una presentaci\u00f3n al uso la de Ferrari, que reuni\u00f3 en Maranello\u00a0<strong>a un centenar de aficionados<\/strong>\u00a0de la escuder\u00eda italiana para presenciar el estreno del nuevo coche, un monoplaza que mantiene su est\u00e9tica tradicional, sin sorpresas, en la que\u00a0<strong>el rojo predomina<\/strong>\u00a0y resalta respecto al resto de componentes.<\/p>\n\n\n\n<blockquote class=\"wp-block-quote is-layout-flow wp-block-quote-is-layout-flow\"><p>\u201dEs muy bonito, m\u00e1s que el del a\u00f1o pasado. Y ya pens\u00e9 que era imposible ser m\u00e1s bonito. Ahora vamos a empezar con las peque\u00f1as cosas: los frenos, las longitudes&#8230; Las primeras impresiones\u201d, dijo Sainz sobre el nuevo auto.<\/p><\/blockquote>\n\n\n\n<blockquote class=\"wp-block-quote is-layout-flow wp-block-quote-is-layout-flow\"><p>\u201dEs \u00fanico estar aqu\u00ed. Es incre\u00edble tener este escenario en Maranello con toda la historia que tiene,\u00a0<strong>Ferrari es el \u00fanico equipo con este ambiente<\/strong>\u201d, a\u00f1adi\u00f3.<\/p><\/blockquote>\n\n\n\n<p>El pasado 20 de noviembre tuvo lugar la \u00faltima carrera de la temporada pasada: \u201cHa sido un par\u00f3n de invierno largo. He estado de vacaciones en diciembre pero en enero mi cuerpo me ped\u00eda acci\u00f3n y ya estamos preparados para todo lo que viene\u201d.<\/p>\n\n\n\n<p>Sainz tiene de frente una nueva temporada en la que volver\u00e1 a medirse a Leclerc, con el que confirm\u00f3\u00a0<strong>tener una gran relaci\u00f3n fuera de pista<\/strong>.<\/p>\n\n\n\n<blockquote class=\"wp-block-quote is-layout-flow wp-block-quote-is-layout-flow\"><p>\u201dNormalmente estamos muy empatados (en tiempos), pero intentar\u00e9 siempre ser el m\u00e1s r\u00e1pido. Siempre que estamos en pista competimos, es lo bueno de tener\u00a0<strong>una buena relaci\u00f3n fuera y dentro de la pista<\/strong>, siempre con respeto\u201d, explic\u00f3.<\/p><\/blockquote>\n\n\n\n<blockquote class=\"wp-block-quote is-layout-flow wp-block-quote-is-layout-flow\"><p>Esto lo reforz\u00f3 el propio Leclerc:\u00a0<strong>\u201cNos haremos mejores el uno al otro hasta el final\u201d<\/strong>.<\/p><\/blockquote>\n\n\n\n<p>El piloto monegasco, que el pasado a\u00f1o finaliz\u00f3 segundo en el campeonato de pilotos, solo por detr\u00e1s deMax Verstappen (RedBull), dej\u00f3 claro cu\u00e1l era\u00a0<strong>su objetivo, sus expectativas y aspiraciones<\/strong>.<\/p>\n\n\n\n<blockquote class=\"twitter-tweet\"><p lang=\"en\" dir=\"ltr\">It\u2019s TIME ????<br><br>Watch us reveal <a href=\"https:\/\/twitter.com\/hashtag\/SF23?src=hash&amp;ref_src=twsrc%5Etfw\">#SF23<\/a> LIVE ????<\/p>&mdash; Scuderia Ferrari (@ScuderiaFerrari) <a href=\"https:\/\/twitter.com\/ScuderiaFerrari\/status\/1625439455896035329?ref_src=twsrc%5Etfw\">February 14, 2023<\/a><\/blockquote> <script async src=\"https:\/\/platform.twitter.com\/widgets.js\" charset=\"utf-8\"><\/script>\n\n\n\n<p>Fuente: <a href=\"https:\/\/www.elfinanciero.com.mx\/deportes\/2023\/02\/14\/formula-1-ferrari-presenta-sf-23-auto-para-temporada-2023\/\" data-type=\"URL\" data-id=\"https:\/\/www.elfinanciero.com.mx\/deportes\/2023\/02\/14\/formula-1-ferrari-presenta-sf-23-auto-para-temporada-2023\/\">El Financiero<\/a><\/p>\n","protected":false},"excerpt":{"rendered":"<p>Ferrari\u00a0present\u00f3 este martes\u00a0el SF-23, el nuevo monoplaza para el Mundial de\u00a0F\u00f3rmula 1, con una puesta en escena diferente a la del resto de equipos, pues el espa\u00f1ol Carlos Sainz y el monegasco Charles Leclerc\u00a0lo estrenaron en pista. No fue una presentaci\u00f3n al uso la de Ferrari, que reuni\u00f3 en Maranello\u00a0a un centenar de aficionados\u00a0de la [&hellip;]<\/p>\n","protected":false},"author":35,"featured_media":72469,"comment_status":"open","ping_status":"open","sticky":false,"template":"","format":"standard","meta":{"_monsterinsights_skip_tracking":false,"_monsterinsights_sitenote_active":false,"_monsterinsights_sitenote_note":"","_monsterinsights_sitenote_category":0,"footnotes":""},"categories":[159],"tags":[3699,10412,9077,5828,23213,23212],"class_list":["post-94231","post","type-post","status-publish","format-standard","has-post-thumbnail","hentry","category-deportes","tag-f1","tag-ferrari","tag-presenta","tag-red-bull","tag-retador","tag-sf-23","wp-image-borders"],"amp_enabled":true,"_links":{"self":[{"href":"https:\/\/nvnoticias.mx\/index.php\/wp-json\/wp\/v2\/posts\/94231","targetHints":{"allow":["GET"]}}],"collection":[{"href":"https:\/\/nvnoticias.mx\/index.php\/wp-json\/wp\/v2\/posts"}],"about":[{"href":"https:\/\/nvnoticias.mx\/index.php\/wp-json\/wp\/v2\/types\/post"}],"author":[{"embeddable":true,"href":"https:\/\/nvnoticias.mx\/index.php\/wp-json\/wp\/v2\/users\/35"}],"replies":[{"embeddable":true,"href":"https:\/\/nvnoticias.mx\/index.php\/wp-json\/wp\/v2\/comments?post=94231"}],"version-history":[{"count":1,"href":"https:\/\/nvnoticias.mx\/index.php\/wp-json\/wp\/v2\/posts\/94231\/revisions"}],"predecessor-version":[{"id":94240,"href":"https:\/\/nvnoticias.mx\/index.php\/wp-json\/wp\/v2\/posts\/94231\/revisions\/94240"}],"wp:featuredmedia":[{"embeddable":true,"href":"https:\/\/nvnoticias.mx\/index.php\/wp-json\/wp\/v2\/media\/72469"}],"wp:attachment":[{"href":"https:\/\/nvnoticias.mx\/index.php\/wp-json\/wp\/v2\/media?parent=94231"}],"wp:term":[{"taxonomy":"category","embeddable":true,"href":"https:\/\/nvnoticias.mx\/index.php\/wp-json\/wp\/v2\/categories?post=94231"},{"taxonomy":"post_tag","embeddable":true,"href":"https:\/\/nvnoticias.mx\/index.php\/wp-json\/wp\/v2\/tags?post=94231"}],"curies":[{"name":"wp","href":"https:\/\/api.w.org\/{rel}","templated":true}]}}