{"id":94125,"date":"2023-02-13T17:14:15","date_gmt":"2023-02-13T23:14:15","guid":{"rendered":"https:\/\/nvnoticias.mx\/?p=94125"},"modified":"2023-02-13T17:14:15","modified_gmt":"2023-02-13T23:14:15","slug":"la-produccion-de-alimentos-se-mantiene-y-este-ano-habra-fertilizante-gratuito","status":"publish","type":"post","link":"https:\/\/nvnoticias.mx\/index.php\/2023\/02\/13\/la-produccion-de-alimentos-se-mantiene-y-este-ano-habra-fertilizante-gratuito\/","title":{"rendered":"La producci\u00f3n de alimentos se mantiene y este a\u00f1o habr\u00e1 fertilizante gratuito"},"content":{"rendered":"\n<p><strong>Jes\u00fas Utrilla | NV Noticias<\/strong><\/p>\n\n\n\n<p>Pese a la escasez de fertilizantes la producci\u00f3n de alimentos se mantiene se\u00f1al\u00f3 Arely Cer\u00f3n Trejo, directora general de la Secretar\u00eda de Agricultura y Desarrollo Rural (SADER).<\/p>\n\n\n\n<p>Aunque la guerra Rusia-Ucrania ocasion\u00f3 que incrementara el precio de los fertilizantes y que incluso el insumo escaseara, la funcionaria aclar\u00f3 que el campo sigue siendo productivo en M\u00e9xico y en Veracruz.<\/p>\n\n\n\n<p>Record\u00f3 que en M\u00e9xico se implementaron diferentes estrategias para afrontar el problema y este a\u00f1o habr\u00e1 distribuci\u00f3n de fertilizante gratuito.<\/p>\n\n\n\n<p>Ya se recuperaron las plantas de producci\u00f3n de fertilizante en L\u00e1zaro C\u00e1rdenas y en Veracruz y desde el a\u00f1o pasado se inform\u00f3 que habr\u00eda distribuci\u00f3n del insumo a los productores.<\/p>\n\n\n\n<p>El a\u00f1o pasado el Programa de Fertilizantes para el Bienestar, benefici\u00f3 a 800 mil productores y en este a\u00f1o la meta es atender a 2 millones de productores.<\/p>\n\n\n\n<p>Incluso en Manlio Fabio Altamirano se est\u00e1n entregando los apoyos de Producci\u00f3n para el Bienestar que son los que agricultura apoya en el sector a trav\u00e9s de de la Secretar\u00eda Bienestar. <\/p>\n\n\n\n<p>Ah\u00ed son cerca de 75 mil productores\u00a0 que empiezan a recibir ese apoyo.<\/p>\n\n\n\n<p>Adem\u00e1s ya se realiza una estrategia para la producci\u00f3n de fertilizantes org\u00e1nicos y se ha incrementado la producci\u00f3n de granos.<\/p>\n","protected":false},"excerpt":{"rendered":"<p>Jes\u00fas Utrilla | NV Noticias Pese a la escasez de fertilizantes la producci\u00f3n de alimentos se mantiene se\u00f1al\u00f3 Arely Cer\u00f3n Trejo, directora general de la Secretar\u00eda de Agricultura y Desarrollo Rural (SADER). Aunque la guerra Rusia-Ucrania ocasion\u00f3 que incrementara el precio de los fertilizantes y que incluso el insumo escaseara, la funcionaria aclar\u00f3 que el [&hellip;]<\/p>\n","protected":false},"author":7,"featured_media":94127,"comment_status":"open","ping_status":"open","sticky":false,"template":"","format":"standard","meta":{"_monsterinsights_skip_tracking":false,"_monsterinsights_sitenote_active":false,"_monsterinsights_sitenote_note":"","_monsterinsights_sitenote_category":0,"footnotes":""},"categories":[154],"tags":[221,23193,23192],"class_list":["post-94125","post","type-post","status-publish","format-standard","has-post-thumbnail","hentry","category-veracruz","tag-alimentos","tag-fertilizante-gratuito","tag-produccion-de-alimentos","wp-image-borders"],"amp_enabled":true,"_links":{"self":[{"href":"https:\/\/nvnoticias.mx\/index.php\/wp-json\/wp\/v2\/posts\/94125","targetHints":{"allow":["GET"]}}],"collection":[{"href":"https:\/\/nvnoticias.mx\/index.php\/wp-json\/wp\/v2\/posts"}],"about":[{"href":"https:\/\/nvnoticias.mx\/index.php\/wp-json\/wp\/v2\/types\/post"}],"author":[{"embeddable":true,"href":"https:\/\/nvnoticias.mx\/index.php\/wp-json\/wp\/v2\/users\/7"}],"replies":[{"embeddable":true,"href":"https:\/\/nvnoticias.mx\/index.php\/wp-json\/wp\/v2\/comments?post=94125"}],"version-history":[{"count":1,"href":"https:\/\/nvnoticias.mx\/index.php\/wp-json\/wp\/v2\/posts\/94125\/revisions"}],"predecessor-version":[{"id":94128,"href":"https:\/\/nvnoticias.mx\/index.php\/wp-json\/wp\/v2\/posts\/94125\/revisions\/94128"}],"wp:featuredmedia":[{"embeddable":true,"href":"https:\/\/nvnoticias.mx\/index.php\/wp-json\/wp\/v2\/media\/94127"}],"wp:attachment":[{"href":"https:\/\/nvnoticias.mx\/index.php\/wp-json\/wp\/v2\/media?parent=94125"}],"wp:term":[{"taxonomy":"category","embeddable":true,"href":"https:\/\/nvnoticias.mx\/index.php\/wp-json\/wp\/v2\/categories?post=94125"},{"taxonomy":"post_tag","embeddable":true,"href":"https:\/\/nvnoticias.mx\/index.php\/wp-json\/wp\/v2\/tags?post=94125"}],"curies":[{"name":"wp","href":"https:\/\/api.w.org\/{rel}","templated":true}]}}