{"id":94041,"date":"2023-02-13T13:24:38","date_gmt":"2023-02-13T19:24:38","guid":{"rendered":"https:\/\/nvnoticias.mx\/?p=94041"},"modified":"2023-02-13T13:24:39","modified_gmt":"2023-02-13T19:24:39","slug":"anuncian-la-segunda-edicion-de-la-expo-fertilizantes-2023","status":"publish","type":"post","link":"https:\/\/nvnoticias.mx\/index.php\/2023\/02\/13\/anuncian-la-segunda-edicion-de-la-expo-fertilizantes-2023\/","title":{"rendered":"Anuncian la Segunda Edici\u00f3n de la Expo Fertilizantes 2023"},"content":{"rendered":"\n<p><strong>Jes\u00fas Utrilla | NV Noticias <\/strong><\/p>\n\n\n\n<p>Los d\u00edas 15 y 16 de marzo en el Word Trade Center de Boca del Rio, se llevar\u00e1 a cabo la Segunda Edici\u00f3n de la Expo Fertilizantes 2023.<\/p>\n\n\n\n<p>Evaristo Ovando Ram\u00edrez, Secretario de la Secretar\u00eda de Desarrollo Agropecuario, Rural y Pesca (SEDARPA), dijo que se busca ofrecer a los productores precios preferenciales, garant\u00edas y cr\u00e9ditos para adquirir fertilizantes, adem\u00e1s de informaci\u00f3n sobre innovaciones tecnol\u00f3gicas en el uso y aplicaci\u00f3n de los insumos.<\/p>\n\n\n\n<p>Es la segunda vez que se organiza la Expo Fertilizantes, con el prop\u00f3sito de reunir a los productores del sector primario con las empresas proveedoras de fertilizantes del pa\u00eds, las instancias financieras y los investigadores del sector para ofrecer precios preferenciales, cr\u00e9ditos para la adquisici\u00f3n de estos insumos e informaci\u00f3n sobre innovaciones tecnol\u00f3gicas para la producci\u00f3n.<\/p>\n\n\n\n<p>Se busca superar las cifras alcanzadas en la edici\u00f3n anterior y se contar\u00e1 con el apoyo de Fideicomisos Instituidos en Relaci\u00f3n con la Agricultura (FIRA) para coordinar la participaci\u00f3n de las instituciones financieras quienes ofrecer\u00e1n a los productores informaci\u00f3n sobre esquemas de cr\u00e9ditos y garant\u00edas.<\/p>\n\n\n\n<p>La SEDARPA cuenta con un programa de extensionismo en el que participan 500 asesores t\u00e9cnicos brindando capacitaci\u00f3n y asistencia t\u00e9cnica a m\u00e1s de 100 mil productoras y productores de 208 municipios organizados en escuelas campesinas, en donde intercambian conocimientos y experiencias para la elaboraci\u00f3n y aplicaci\u00f3n de bioinsumos s\u00f3lidos y l\u00edquidos en sus cultivos y les permita llevar a cabo una agricultura m\u00e1s sana y sustentable.<\/p>\n","protected":false},"excerpt":{"rendered":"<p>Jes\u00fas Utrilla | NV Noticias Los d\u00edas 15 y 16 de marzo en el Word Trade Center de Boca del Rio, se llevar\u00e1 a cabo la Segunda Edici\u00f3n de la Expo Fertilizantes 2023. Evaristo Ovando Ram\u00edrez, Secretario de la Secretar\u00eda de Desarrollo Agropecuario, Rural y Pesca (SEDARPA), dijo que se busca ofrecer a los productores [&hellip;]<\/p>\n","protected":false},"author":35,"featured_media":94042,"comment_status":"open","ping_status":"open","sticky":false,"template":"","format":"standard","meta":{"_monsterinsights_skip_tracking":false,"_monsterinsights_sitenote_active":false,"_monsterinsights_sitenote_note":"","_monsterinsights_sitenote_category":0,"footnotes":""},"categories":[154],"tags":[7925,23177,23176],"class_list":["post-94041","post","type-post","status-publish","format-standard","has-post-thumbnail","hentry","category-veracruz","tag-anuncian","tag-expo-fertilizantes","tag-segunda-edicion","wp-image-borders"],"amp_enabled":true,"_links":{"self":[{"href":"https:\/\/nvnoticias.mx\/index.php\/wp-json\/wp\/v2\/posts\/94041","targetHints":{"allow":["GET"]}}],"collection":[{"href":"https:\/\/nvnoticias.mx\/index.php\/wp-json\/wp\/v2\/posts"}],"about":[{"href":"https:\/\/nvnoticias.mx\/index.php\/wp-json\/wp\/v2\/types\/post"}],"author":[{"embeddable":true,"href":"https:\/\/nvnoticias.mx\/index.php\/wp-json\/wp\/v2\/users\/35"}],"replies":[{"embeddable":true,"href":"https:\/\/nvnoticias.mx\/index.php\/wp-json\/wp\/v2\/comments?post=94041"}],"version-history":[{"count":1,"href":"https:\/\/nvnoticias.mx\/index.php\/wp-json\/wp\/v2\/posts\/94041\/revisions"}],"predecessor-version":[{"id":94043,"href":"https:\/\/nvnoticias.mx\/index.php\/wp-json\/wp\/v2\/posts\/94041\/revisions\/94043"}],"wp:featuredmedia":[{"embeddable":true,"href":"https:\/\/nvnoticias.mx\/index.php\/wp-json\/wp\/v2\/media\/94042"}],"wp:attachment":[{"href":"https:\/\/nvnoticias.mx\/index.php\/wp-json\/wp\/v2\/media?parent=94041"}],"wp:term":[{"taxonomy":"category","embeddable":true,"href":"https:\/\/nvnoticias.mx\/index.php\/wp-json\/wp\/v2\/categories?post=94041"},{"taxonomy":"post_tag","embeddable":true,"href":"https:\/\/nvnoticias.mx\/index.php\/wp-json\/wp\/v2\/tags?post=94041"}],"curies":[{"name":"wp","href":"https:\/\/api.w.org\/{rel}","templated":true}]}}