{"id":93912,"date":"2023-02-11T14:11:06","date_gmt":"2023-02-11T20:11:06","guid":{"rendered":"https:\/\/nvnoticias.mx\/?p=93912"},"modified":"2023-02-11T14:11:07","modified_gmt":"2023-02-11T20:11:07","slug":"corte-resolvera-amparo-del-exsenador-jorge-luis-lavalle","status":"publish","type":"post","link":"https:\/\/nvnoticias.mx\/index.php\/2023\/02\/11\/corte-resolvera-amparo-del-exsenador-jorge-luis-lavalle\/","title":{"rendered":"Corte resolver\u00e1 amparo del exsenador Jorge Luis Lavalle"},"content":{"rendered":"\n<p>El amparo del exsenador del PAN, Jorge Luis Lavalle Maury, contra el cierre de la investigaci\u00f3n mediante la cual se le vincul\u00f3 a proceso por lavado de dinero, cohecho y asociaci\u00f3n delictuosa, en el caso de los sobornos de Odebrecht, lleg\u00f3 a la Suprema Corte de Justicia de la Naci\u00f3n (SCJN).<\/p>\n\n\n\n<p>Por determinaci\u00f3n de la presidenta de la SCJN, Norma Luc\u00eda Pi\u00f1a Hern\u00e1ndez, el asunto se turn\u00f3 a la ministra de la Primera Sala, Margarita R\u00edos Farjat, quien presentar\u00e1 a sus pares un proyecto de resoluci\u00f3n sobre el caso en el que Lavalle Maury, quien estuvo preso m\u00e1s de un a\u00f1o luego de que Emilio Lozoya lo acus\u00f3 de recibir dinero a cambio de aprobar la reforma energ\u00e9tica en el sexenio anterior, impugn\u00f3 la negativa de pr\u00f3rroga.<\/p>\n\n\n\n<p>El exlegislador panista impugn\u00f3 la resoluci\u00f3n del 14 de octubre de 2021, en la que el juez de control neg\u00f3 ampliar el plazo de investigaci\u00f3n complementaria solicitado por el panista y Fiscal\u00eda General de la Rep\u00fablica (FGR), al cumplirse el m\u00e1ximo de seis meses.<\/p>\n\n\n\n<p>En la demanda de amparo, el exsenador reclam\u00f3 al juez que el art\u00edculo 321 del C\u00f3digo Nacional de Procedimientos Penales, plantea la posibilidad de pr\u00f3rroga para el cierre de la investigaci\u00f3n complementaria, cuando el Ministerio P\u00fablico, la v\u00edctima, ofendido o el imputado lo soliciten justificadamente.<\/p>\n\n\n\n<p>En septiembre del a\u00f1o pasado, un juez de control concedi\u00f3 a Jorge Luis Lavalle Maury, la libertad provisional, luego de permanecer m\u00e1s de un a\u00f1o preso en el Reclusorio Norte.<\/p>\n\n\n\n<p>El juez de control Marco Antonio Fuerte Tapia le sustituy\u00f3 la medida cautelar de prisi\u00f3n preventiva justificada por la portaci\u00f3n de un brazalete electr\u00f3nico, a petici\u00f3n de la Fiscal\u00eda General de la Rep\u00fablica (FGR).<\/p>\n\n\n\n<p>Fuente: <a href=\"https:\/\/www.eluniversal.com.mx\/nacion\/caso-odebrecht-corte-resolvera-amparo-del-exsenador-jorge-luis-lavalle\">El Universal<\/a><\/p>\n","protected":false},"excerpt":{"rendered":"<p>El amparo del exsenador del PAN, Jorge Luis Lavalle Maury, contra el cierre de la investigaci\u00f3n mediante la cual se le vincul\u00f3 a proceso por lavado de dinero, cohecho y asociaci\u00f3n delictuosa, en el caso de los sobornos de Odebrecht, lleg\u00f3 a la Suprema Corte de Justicia de la Naci\u00f3n (SCJN). Por determinaci\u00f3n de la [&hellip;]<\/p>\n","protected":false},"author":6,"featured_media":93913,"comment_status":"open","ping_status":"open","sticky":false,"template":"","format":"standard","meta":{"_monsterinsights_skip_tracking":false,"_monsterinsights_sitenote_active":false,"_monsterinsights_sitenote_note":"","_monsterinsights_sitenote_category":0,"footnotes":""},"categories":[158],"tags":[2916,2917],"class_list":["post-93912","post","type-post","status-publish","format-standard","has-post-thumbnail","hentry","category-politica","tag-caso-odebrecht","tag-jorge-luis-lavalle","wp-image-borders"],"amp_enabled":true,"_links":{"self":[{"href":"https:\/\/nvnoticias.mx\/index.php\/wp-json\/wp\/v2\/posts\/93912","targetHints":{"allow":["GET"]}}],"collection":[{"href":"https:\/\/nvnoticias.mx\/index.php\/wp-json\/wp\/v2\/posts"}],"about":[{"href":"https:\/\/nvnoticias.mx\/index.php\/wp-json\/wp\/v2\/types\/post"}],"author":[{"embeddable":true,"href":"https:\/\/nvnoticias.mx\/index.php\/wp-json\/wp\/v2\/users\/6"}],"replies":[{"embeddable":true,"href":"https:\/\/nvnoticias.mx\/index.php\/wp-json\/wp\/v2\/comments?post=93912"}],"version-history":[{"count":1,"href":"https:\/\/nvnoticias.mx\/index.php\/wp-json\/wp\/v2\/posts\/93912\/revisions"}],"predecessor-version":[{"id":93914,"href":"https:\/\/nvnoticias.mx\/index.php\/wp-json\/wp\/v2\/posts\/93912\/revisions\/93914"}],"wp:featuredmedia":[{"embeddable":true,"href":"https:\/\/nvnoticias.mx\/index.php\/wp-json\/wp\/v2\/media\/93913"}],"wp:attachment":[{"href":"https:\/\/nvnoticias.mx\/index.php\/wp-json\/wp\/v2\/media?parent=93912"}],"wp:term":[{"taxonomy":"category","embeddable":true,"href":"https:\/\/nvnoticias.mx\/index.php\/wp-json\/wp\/v2\/categories?post=93912"},{"taxonomy":"post_tag","embeddable":true,"href":"https:\/\/nvnoticias.mx\/index.php\/wp-json\/wp\/v2\/tags?post=93912"}],"curies":[{"name":"wp","href":"https:\/\/api.w.org\/{rel}","templated":true}]}}