{"id":93909,"date":"2023-02-11T14:01:33","date_gmt":"2023-02-11T20:01:33","guid":{"rendered":"https:\/\/nvnoticias.mx\/?p=93909"},"modified":"2023-02-11T14:01:34","modified_gmt":"2023-02-11T20:01:34","slug":"senadores-y-dirigentes-de-oposicion-advierten-de-focos-rojos-por-alta-inflacion","status":"publish","type":"post","link":"https:\/\/nvnoticias.mx\/index.php\/2023\/02\/11\/senadores-y-dirigentes-de-oposicion-advierten-de-focos-rojos-por-alta-inflacion\/","title":{"rendered":"Senadores y dirigentes de oposici\u00f3n advierten de \u201cfocos rojos\u201d por alta inflaci\u00f3n"},"content":{"rendered":"\n<p>Senadores y dirigentes de oposici\u00f3n advirtieron sobre los \u201cfocos rojos\u201d en la econom\u00eda nacional que ya afecta a millones de mexicanos, los de m\u00e1s escasos recursos, por el incremento de productos de la canasta b\u00e1sica y el desd\u00e9n del presidente Andr\u00e9s Manuel L\u00f3pez Obrador, ante situaci\u00f3n que trata de minimizar.<\/p>\n\n\n\n<p>Marko Cort\u00e9s, dirigente nacional del PAN, expuso que el nuevo aumento de las tasas de inter\u00e9s evidencian el fracaso de la pol\u00edtica econ\u00f3mica del presidente L\u00f3pez Obrador en favor de quienes dice ayuda, es decir los m\u00e1s pobres del pa\u00eds.<\/p>\n\n\n\n<p>Hoy en M\u00e9xico, emprender y financiar un proyecto es casi imposible. En el PAN insistimos en que es necesario y urgente impulsar el sector productivo para controlar la inflaci\u00f3n y para generar empleos\u201d.<\/p>\n\n\n\n<p>Por su parte, el senador del PRD, Juan Manuel F\u00f3cil, alert\u00f3 sobre los \u201cfocos rojos\u201d en la econom\u00eda nacional luego de la reciente publicaci\u00f3n que hizo el INEGI sobre el comportamiento de la inflaci\u00f3n en M\u00e9xico durante enero de 2023, y que motiv\u00f3 la decisi\u00f3n del Banco de M\u00e9xico para elevar la tasa de inter\u00e9s.<\/p>\n\n\n\n<p>Recomend\u00f3 que ante el incremento de la tasa de inter\u00e9s por aplicado por el Banco de M\u00e9xico, los usuarios de la banca deber\u00e1n de cuidar sus gastos y no endeudarse con tarjeta de cr\u00e9dito, al tiempo de se\u00f1alar que hay una inestabilidad en nuestra econom\u00eda.<\/p>\n\n\n\n<p>Adriana D\u00edaz Contreras, secretaria general del PRD, tambi\u00e9n advirti\u00f3 sobre los \u201cfocos rojos\u201d en la econom\u00eda nacional ante esta nueva alza en las tasas de inter\u00e9s y dijo de acuerdo con el INEGI, la inflaci\u00f3n general se coloc\u00f3 en 7.91 por ciento, respecto a enero del 2022, debido al aumento en los precios de alimentos, productos agropecuarios, servicios y mercanc\u00edas entre algunos otros componentes.<\/p>\n\n\n\n<blockquote class=\"wp-block-quote is-layout-flow wp-block-quote-is-layout-flow\"><p>\u201cLa cuesta de enero nos afect\u00f3 a todos con el encarecimiento del huevo, la tortilla, pan, leche, frutas, granos y otros alimentos b\u00e1sicos\u201d, a\u00f1adi\u00f3. Y particularmente se refiri\u00f3 a los estados que registraron mayor inflaci\u00f3n y cuya poblaci\u00f3n padece en su mayor\u00eda condiciones de pobreza, como Tlaxcala, Chiapas, Michoac\u00e1n, Guerrero y San Luis Potos\u00ed\u201d, agreg\u00f3.<\/p><\/blockquote>\n\n\n\n<p>Critic\u00f3 la postura del gobierno en materia de pol\u00edtica econ\u00f3mica, ya que, al encontrarse desvinculada de las condiciones productivas del pa\u00eds, se deja al Banco de M\u00e9xico la principal responsabilidad de controlar la inflaci\u00f3n con sus decisiones de pol\u00edtica monetaria.<\/p>\n\n\n\n<blockquote class=\"wp-block-quote is-layout-flow wp-block-quote-is-layout-flow\"><p>\u201cEl problema de este tipo de decisiones es que las alzas en la tasa de inter\u00e9s no incentivan la inversi\u00f3n productiva sino la especulaci\u00f3n financiera, haciendo m\u00e1s costoso para emprendedores y familias la carga de la deuda adquirida con cr\u00e9ditos bancarios\u201d, lament\u00f3.<\/p><\/blockquote>\n\n\n\n<p>Record\u00f3 que durante todo el gobierno se han presentado alzas en los precios, pero la mayor variaci\u00f3n comenz\u00f3 a principios del 2021. \u201cEste gobierno reaccion\u00f3 de forma tard\u00eda, afectando a millones de familias. Por ello, en la actual legislatura de la C\u00e1mara de Diputados se present\u00f3 una iniciativa para discutir el papel de la pol\u00edtica monetaria en M\u00e9xico.<\/p>\n\n\n\n<p>Fuente: <a href=\"https:\/\/www.eluniversal.com.mx\/nacion\/advierten-senadores-y-dirigentes-de-oposicion-focos-rojos-por-alta-inflacion\">El Universal<\/a><\/p>\n","protected":false},"excerpt":{"rendered":"<p>Senadores y dirigentes de oposici\u00f3n advirtieron sobre los \u201cfocos rojos\u201d en la econom\u00eda nacional que ya afecta a millones de mexicanos, los de m\u00e1s escasos recursos, por el incremento de productos de la canasta b\u00e1sica y el desd\u00e9n del presidente Andr\u00e9s Manuel L\u00f3pez Obrador, ante situaci\u00f3n que trata de minimizar. Marko Cort\u00e9s, dirigente nacional del [&hellip;]<\/p>\n","protected":false},"author":6,"featured_media":93910,"comment_status":"open","ping_status":"open","sticky":false,"template":"","format":"standard","meta":{"_monsterinsights_skip_tracking":false,"_monsterinsights_sitenote_active":false,"_monsterinsights_sitenote_note":"","_monsterinsights_sitenote_category":0,"footnotes":""},"categories":[158],"tags":[2978,777],"class_list":["post-93909","post","type-post","status-publish","format-standard","has-post-thumbnail","hentry","category-politica","tag-inflacion","tag-senadores","wp-image-borders"],"amp_enabled":true,"_links":{"self":[{"href":"https:\/\/nvnoticias.mx\/index.php\/wp-json\/wp\/v2\/posts\/93909","targetHints":{"allow":["GET"]}}],"collection":[{"href":"https:\/\/nvnoticias.mx\/index.php\/wp-json\/wp\/v2\/posts"}],"about":[{"href":"https:\/\/nvnoticias.mx\/index.php\/wp-json\/wp\/v2\/types\/post"}],"author":[{"embeddable":true,"href":"https:\/\/nvnoticias.mx\/index.php\/wp-json\/wp\/v2\/users\/6"}],"replies":[{"embeddable":true,"href":"https:\/\/nvnoticias.mx\/index.php\/wp-json\/wp\/v2\/comments?post=93909"}],"version-history":[{"count":1,"href":"https:\/\/nvnoticias.mx\/index.php\/wp-json\/wp\/v2\/posts\/93909\/revisions"}],"predecessor-version":[{"id":93911,"href":"https:\/\/nvnoticias.mx\/index.php\/wp-json\/wp\/v2\/posts\/93909\/revisions\/93911"}],"wp:featuredmedia":[{"embeddable":true,"href":"https:\/\/nvnoticias.mx\/index.php\/wp-json\/wp\/v2\/media\/93910"}],"wp:attachment":[{"href":"https:\/\/nvnoticias.mx\/index.php\/wp-json\/wp\/v2\/media?parent=93909"}],"wp:term":[{"taxonomy":"category","embeddable":true,"href":"https:\/\/nvnoticias.mx\/index.php\/wp-json\/wp\/v2\/categories?post=93909"},{"taxonomy":"post_tag","embeddable":true,"href":"https:\/\/nvnoticias.mx\/index.php\/wp-json\/wp\/v2\/tags?post=93909"}],"curies":[{"name":"wp","href":"https:\/\/api.w.org\/{rel}","templated":true}]}}