{"id":93888,"date":"2023-02-11T12:46:30","date_gmt":"2023-02-11T18:46:30","guid":{"rendered":"https:\/\/nvnoticias.mx\/?p=93888"},"modified":"2023-02-11T12:46:31","modified_gmt":"2023-02-11T18:46:31","slug":"viento-derriba-arboles-postes-y-rompe-cristales-en-la-ciudad-de-veracruz","status":"publish","type":"post","link":"https:\/\/nvnoticias.mx\/index.php\/2023\/02\/11\/viento-derriba-arboles-postes-y-rompe-cristales-en-la-ciudad-de-veracruz\/","title":{"rendered":"Viento derriba \u00e1rboles, postes y rompe cristales en la ciudad de Veracruz"},"content":{"rendered":"\n<p><strong>Jes\u00fas Utrilla |<\/strong> <strong>NV Noticias<\/strong>&nbsp;<\/p>\n\n\n\n<p>Veracruz. \u2013\u00a0\u00a0La Direcci\u00f3n de Protecci\u00f3n Civil del Ayuntamiento de Veracruz atendi\u00f3 15 reportes de da\u00f1os debido al intenso viento del norte que se presenta en la zona conurbada desde el viernes.<\/p>\n\n\n\n<p>Alfonso Garc\u00eda Cardona, titular de la dependencia, explic\u00f3 que se desprendi\u00f3 un tinaco, cuatro cableados de televisi\u00f3n, seis \u00e1rboles, un poste de telefon\u00eda y tres postes de alumbrado p\u00fablico.<\/p>\n\n\n\n<p>El viento del norte rompi\u00f3 los cristales de un cajero de una tienda departamental, ubicada en la avenida Salvador D\u00edaz Mir\u00f3n, sin embargo, no caus\u00f3 lesiones. Se menciona que una puerta comenz\u00f3 a azotarse y fue lo que gener\u00f3 que los cristales se vinieran abajo.<\/p>\n\n\n\n<p>Pese a ello no hay reporte de personas lesionadas o da\u00f1os materiales adicionales por la ca\u00edda de las estructuras o los cristales rotos.<\/p>\n\n\n\n<blockquote class=\"wp-block-quote is-layout-flow wp-block-quote-is-layout-flow\"><p>&#8220;La tienda departamental con cristales rotos no nos emiti\u00f3 el reporte. Por otro lado esperamos que por la tarde noche el norte comience a decrecer y que las rachas sean de frescas a moderadas&#8221;.<\/p><\/blockquote>\n\n\n\n<p>Para la tarde del s\u00e1bado, se espera que las rachas disminuyen a 55 kil\u00f3metros por hora, cabe mencionar que la mayor intensidad hasta el momento ha sido de 105.5 kil\u00f3metros por hora.<\/p>\n\n\n\n<p>Para el domingo habr\u00e1 mayor estabilidad del clima y el lunes se tendr\u00e1 mayor recuperaci\u00f3n de la temperatura, de acuerdo al pron\u00f3stico.<\/p>\n","protected":false},"excerpt":{"rendered":"<p>Jes\u00fas Utrilla | NV Noticias&nbsp; Veracruz. \u2013\u00a0\u00a0La Direcci\u00f3n de Protecci\u00f3n Civil del Ayuntamiento de Veracruz atendi\u00f3 15 reportes de da\u00f1os debido al intenso viento del norte que se presenta en la zona conurbada desde el viernes. Alfonso Garc\u00eda Cardona, titular de la dependencia, explic\u00f3 que se desprendi\u00f3 un tinaco, cuatro cableados de televisi\u00f3n, seis \u00e1rboles, [&hellip;]<\/p>\n","protected":false},"author":6,"featured_media":39556,"comment_status":"open","ping_status":"open","sticky":false,"template":"","format":"standard","meta":{"_monsterinsights_skip_tracking":false,"_monsterinsights_sitenote_active":false,"_monsterinsights_sitenote_note":"","_monsterinsights_sitenote_category":0,"footnotes":""},"categories":[154],"tags":[267,162,180],"class_list":["post-93888","post","type-post","status-publish","format-standard","has-post-thumbnail","hentry","category-veracruz","tag-norte","tag-portada","tag-veracruz","wp-image-borders"],"amp_enabled":true,"_links":{"self":[{"href":"https:\/\/nvnoticias.mx\/index.php\/wp-json\/wp\/v2\/posts\/93888","targetHints":{"allow":["GET"]}}],"collection":[{"href":"https:\/\/nvnoticias.mx\/index.php\/wp-json\/wp\/v2\/posts"}],"about":[{"href":"https:\/\/nvnoticias.mx\/index.php\/wp-json\/wp\/v2\/types\/post"}],"author":[{"embeddable":true,"href":"https:\/\/nvnoticias.mx\/index.php\/wp-json\/wp\/v2\/users\/6"}],"replies":[{"embeddable":true,"href":"https:\/\/nvnoticias.mx\/index.php\/wp-json\/wp\/v2\/comments?post=93888"}],"version-history":[{"count":1,"href":"https:\/\/nvnoticias.mx\/index.php\/wp-json\/wp\/v2\/posts\/93888\/revisions"}],"predecessor-version":[{"id":93889,"href":"https:\/\/nvnoticias.mx\/index.php\/wp-json\/wp\/v2\/posts\/93888\/revisions\/93889"}],"wp:featuredmedia":[{"embeddable":true,"href":"https:\/\/nvnoticias.mx\/index.php\/wp-json\/wp\/v2\/media\/39556"}],"wp:attachment":[{"href":"https:\/\/nvnoticias.mx\/index.php\/wp-json\/wp\/v2\/media?parent=93888"}],"wp:term":[{"taxonomy":"category","embeddable":true,"href":"https:\/\/nvnoticias.mx\/index.php\/wp-json\/wp\/v2\/categories?post=93888"},{"taxonomy":"post_tag","embeddable":true,"href":"https:\/\/nvnoticias.mx\/index.php\/wp-json\/wp\/v2\/tags?post=93888"}],"curies":[{"name":"wp","href":"https:\/\/api.w.org\/{rel}","templated":true}]}}