{"id":93824,"date":"2023-02-10T11:51:23","date_gmt":"2023-02-10T17:51:23","guid":{"rendered":"https:\/\/nvnoticias.mx\/?p=93824"},"modified":"2023-02-10T11:51:24","modified_gmt":"2023-02-10T17:51:24","slug":"invitan-al-primer-expo-foro-mujeres-2023-unidas-somos-mas-fuertes","status":"publish","type":"post","link":"https:\/\/nvnoticias.mx\/index.php\/2023\/02\/10\/invitan-al-primer-expo-foro-mujeres-2023-unidas-somos-mas-fuertes\/","title":{"rendered":"Invitan al Primer Expo Foro Mujeres 2023 \u201cUnidas Somos M\u00e1s Fuertes\u201d"},"content":{"rendered":"\n<p><strong>Jes\u00fas Utrilla | NV Noticias <\/strong><\/p>\n\n\n\n<p>La presidenta del DIF de Boca del R\u00edo Melina Rivera, invit\u00f3 a la Primer Expo Foro Mujeres 2023 \u201cUnidas Somos M\u00e1s Fuertes\u201d.<\/p>\n\n\n\n<p>El evento se realizar\u00e1 el 14 de marzo, a las 10 de la ma\u00f1ana, en el Foro Boca, en el marco del D\u00eda Internacional de la Mujer.<\/p>\n\n\n\n<p>El evento reunir\u00e1 a mujeres destacadas en diferentes \u00e1mbitos profesionales y personales. Se compartir\u00e1n experiencias, se integrar\u00e1n redes de apoyo e intercambios de ideas.<\/p>\n\n\n\n<p>La conferencia magistral ser\u00e1 \u201cUn\u00e1monos\u201d y la impartir\u00e1 Alexandra Rojo De la Vega, quien fund\u00f3 el Movimiento Unidos por la Infancia y la Red No es Una Somos Todas.<\/p>\n\n\n\n<p>La expo se va a llevar\u00e1 a cabo con una conferencia magistral a cargo de Alexandra Rojo De la Vega, quien fund\u00f3 el Movimiento Unidos por la Infancia y la Red No es Una Somos Todas. Actualmente es directora de la Direcci\u00f3n de Desarrollo Social de la alcald\u00eda Miguel Hidalgo e impulsora de la Ley Olimpia y la ley de regulaci\u00f3n de residuos pl\u00e1sticos.<\/p>\n\n\n\n<p>Yamileth Herrera D\u00edaz, directora del DIF de Boca del R\u00edo, inform\u00f3 que tambi\u00e9n participar\u00e1n Andrea Lerma, consultora de imagen; Leticia Reyes, empresaria y fundadora del Movimiento Qui\u00e9rete que no Duele, entre otras.<\/p>\n\n\n\n<p>La presidenta del DIF de Boca del R\u00edo Melina Rivera, se\u00f1al\u00f3 que se espera la asistencia de 800 personas. A trav\u00e9s de la venta de 400 boletos. La mec\u00e1nica ser\u00e1 que por cada ticket se apadrine a una joven universitaria para que asista de manera gratuita al evento.<\/p>\n\n\n\n<blockquote class=\"wp-block-quote is-layout-flow wp-block-quote-is-layout-flow\"><p>\u201cCon el programa estamos apoyando siempre a las mujeres boque\u00f1as. El proyecto est\u00e1 pensado desde hace mucho tiempo y ahora logramos concretarlo. No pod\u00edamos dejar fuera a las emprendedoras que hacen posible todo esto. Se van a instalar m\u00e1s de cien emprendedoras de este programa para ofrecer sus productos y servicios\u201d.<\/p><\/blockquote>\n","protected":false},"excerpt":{"rendered":"<p>Jes\u00fas Utrilla | NV Noticias La presidenta del DIF de Boca del R\u00edo Melina Rivera, invit\u00f3 a la Primer Expo Foro Mujeres 2023 \u201cUnidas Somos M\u00e1s Fuertes\u201d. El evento se realizar\u00e1 el 14 de marzo, a las 10 de la ma\u00f1ana, en el Foro Boca, en el marco del D\u00eda Internacional de la Mujer. El [&hellip;]<\/p>\n","protected":false},"author":35,"featured_media":93821,"comment_status":"open","ping_status":"open","sticky":false,"template":"","format":"standard","meta":{"_monsterinsights_skip_tracking":false,"_monsterinsights_sitenote_active":false,"_monsterinsights_sitenote_note":"","_monsterinsights_sitenote_category":0,"footnotes":""},"categories":[154],"tags":[23140,13262,23139,23142],"class_list":["post-93824","post","type-post","status-publish","format-standard","has-post-thumbnail","hentry","category-veracruz","tag-foro-mujeres-2023","tag-invitan","tag-primer-expo","tag-unidas-somos-mas-fuertes","wp-image-borders"],"amp_enabled":true,"_links":{"self":[{"href":"https:\/\/nvnoticias.mx\/index.php\/wp-json\/wp\/v2\/posts\/93824","targetHints":{"allow":["GET"]}}],"collection":[{"href":"https:\/\/nvnoticias.mx\/index.php\/wp-json\/wp\/v2\/posts"}],"about":[{"href":"https:\/\/nvnoticias.mx\/index.php\/wp-json\/wp\/v2\/types\/post"}],"author":[{"embeddable":true,"href":"https:\/\/nvnoticias.mx\/index.php\/wp-json\/wp\/v2\/users\/35"}],"replies":[{"embeddable":true,"href":"https:\/\/nvnoticias.mx\/index.php\/wp-json\/wp\/v2\/comments?post=93824"}],"version-history":[{"count":1,"href":"https:\/\/nvnoticias.mx\/index.php\/wp-json\/wp\/v2\/posts\/93824\/revisions"}],"predecessor-version":[{"id":93825,"href":"https:\/\/nvnoticias.mx\/index.php\/wp-json\/wp\/v2\/posts\/93824\/revisions\/93825"}],"wp:featuredmedia":[{"embeddable":true,"href":"https:\/\/nvnoticias.mx\/index.php\/wp-json\/wp\/v2\/media\/93821"}],"wp:attachment":[{"href":"https:\/\/nvnoticias.mx\/index.php\/wp-json\/wp\/v2\/media?parent=93824"}],"wp:term":[{"taxonomy":"category","embeddable":true,"href":"https:\/\/nvnoticias.mx\/index.php\/wp-json\/wp\/v2\/categories?post=93824"},{"taxonomy":"post_tag","embeddable":true,"href":"https:\/\/nvnoticias.mx\/index.php\/wp-json\/wp\/v2\/tags?post=93824"}],"curies":[{"name":"wp","href":"https:\/\/api.w.org\/{rel}","templated":true}]}}