{"id":93820,"date":"2023-02-10T11:46:00","date_gmt":"2023-02-10T17:46:00","guid":{"rendered":"https:\/\/nvnoticias.mx\/?p=93820"},"modified":"2023-02-10T11:46:45","modified_gmt":"2023-02-10T17:46:45","slug":"dif-boqueno-mantiene-bajo-resguardo-a-bebe-lesionado-en-diciembre","status":"publish","type":"post","link":"https:\/\/nvnoticias.mx\/index.php\/2023\/02\/10\/dif-boqueno-mantiene-bajo-resguardo-a-bebe-lesionado-en-diciembre\/","title":{"rendered":"DIF boque\u00f1o mantiene bajo resguardo a beb\u00e9 lesionado en diciembre"},"content":{"rendered":"\n<p><strong>Jes\u00fas Utrilla | NV Noticias <\/strong><\/p>\n\n\n\n<p>La beb\u00e9 que fue golpeada en diciembre por su pap\u00e1 e internada a causa de las lesiones, permanece bajo resguardo del DIF de Boca del R\u00edo, inform\u00f3 la presidenta del organismo Melina Rivera.<\/p>\n\n\n\n<p>La Fiscal\u00eda General del Estado lleva a cabo las investigaciones y al momento se desconoce el paradero del pap\u00e1.<\/p>\n\n\n\n<blockquote class=\"wp-block-quote is-layout-flow wp-block-quote-is-layout-flow\"><p>\u201cEst\u00e1 bajo nuestro cuidado, est\u00e1 muy bien cuidado en el DIF de Boca del R\u00edo, todo sigue como ahorita. No se sabe nada del pap\u00e1, todo sigue en manos de la Fiscal\u00eda, por nuestra parte es cuidar al beb\u00e9 y tratarlo con mucho cari\u00f1o\u201d.<\/p><\/blockquote>\n\n\n\n<p>Cabe recordar que el 16 de diciembre fue ingresada a la Torre Pedi\u00e1trica una beb\u00e9 de 2 meses de nacida con un severo cuadro de neumon\u00eda y costillas rotas, producto de la golpiza que le propin\u00f3 presuntamente el padre.<\/p>\n\n\n\n<p>Por otro lado, la presidenta del DIF se\u00f1al\u00f3 que contin\u00faa con la recolecci\u00f3n de ropa de invierno para entregarla a las personas en condici\u00f3n vulnerable del municipio para que no se vean afectados durante la \u00e9poca de nortes y bajas temperaturas. Tambi\u00e9n reciben medicamentos, pa\u00f1ales, leche en f\u00f3rmula y muebles en buen estado que puedan ser entregados a quien los necesite.<\/p>\n\n\n\n<p>Cada dos o tres meses se realizan entregas masivas en colonias de Boca del R\u00edo.<\/p>\n","protected":false},"excerpt":{"rendered":"<p>Jes\u00fas Utrilla | NV Noticias La beb\u00e9 que fue golpeada en diciembre por su pap\u00e1 e internada a causa de las lesiones, permanece bajo resguardo del DIF de Boca del R\u00edo, inform\u00f3 la presidenta del organismo Melina Rivera. La Fiscal\u00eda General del Estado lleva a cabo las investigaciones y al momento se desconoce el paradero [&hellip;]<\/p>\n","protected":false},"author":35,"featured_media":93823,"comment_status":"open","ping_status":"open","sticky":false,"template":"","format":"standard","meta":{"_monsterinsights_skip_tracking":false,"_monsterinsights_sitenote_active":false,"_monsterinsights_sitenote_note":"","_monsterinsights_sitenote_category":0,"footnotes":""},"categories":[154],"tags":[9898,2340,23138,832,17506,9112,8655],"class_list":["post-93820","post","type-post","status-publish","format-standard","has-post-thumbnail","hentry","category-veracruz","tag-bajo","tag-bebe","tag-boqueno","tag-dif","tag-lesionado","tag-mantiene","tag-resguardo","wp-image-borders"],"amp_enabled":true,"_links":{"self":[{"href":"https:\/\/nvnoticias.mx\/index.php\/wp-json\/wp\/v2\/posts\/93820","targetHints":{"allow":["GET"]}}],"collection":[{"href":"https:\/\/nvnoticias.mx\/index.php\/wp-json\/wp\/v2\/posts"}],"about":[{"href":"https:\/\/nvnoticias.mx\/index.php\/wp-json\/wp\/v2\/types\/post"}],"author":[{"embeddable":true,"href":"https:\/\/nvnoticias.mx\/index.php\/wp-json\/wp\/v2\/users\/35"}],"replies":[{"embeddable":true,"href":"https:\/\/nvnoticias.mx\/index.php\/wp-json\/wp\/v2\/comments?post=93820"}],"version-history":[{"count":1,"href":"https:\/\/nvnoticias.mx\/index.php\/wp-json\/wp\/v2\/posts\/93820\/revisions"}],"predecessor-version":[{"id":93822,"href":"https:\/\/nvnoticias.mx\/index.php\/wp-json\/wp\/v2\/posts\/93820\/revisions\/93822"}],"wp:featuredmedia":[{"embeddable":true,"href":"https:\/\/nvnoticias.mx\/index.php\/wp-json\/wp\/v2\/media\/93823"}],"wp:attachment":[{"href":"https:\/\/nvnoticias.mx\/index.php\/wp-json\/wp\/v2\/media?parent=93820"}],"wp:term":[{"taxonomy":"category","embeddable":true,"href":"https:\/\/nvnoticias.mx\/index.php\/wp-json\/wp\/v2\/categories?post=93820"},{"taxonomy":"post_tag","embeddable":true,"href":"https:\/\/nvnoticias.mx\/index.php\/wp-json\/wp\/v2\/tags?post=93820"}],"curies":[{"name":"wp","href":"https:\/\/api.w.org\/{rel}","templated":true}]}}