{"id":93691,"date":"2023-02-09T16:25:40","date_gmt":"2023-02-09T22:25:40","guid":{"rendered":"https:\/\/nvnoticias.mx\/?p=93691"},"modified":"2023-02-09T16:25:42","modified_gmt":"2023-02-09T22:25:42","slug":"se-confirman-secuelas-de-toy-story-y-frozen","status":"publish","type":"post","link":"https:\/\/nvnoticias.mx\/index.php\/2023\/02\/09\/se-confirman-secuelas-de-toy-story-y-frozen\/","title":{"rendered":"Se confirman secuelas de Toy Story y Frozen"},"content":{"rendered":"\n<p><br>El d\u00eda de ayer, 8 de febrero, el consejero delegado de Disney, Bob Iger, fue el encargado de anunciar los planes de la compa\u00f1\u00eda para este 2023. La noticia alegr\u00f3 a muchos al saber que las secuelas de pel\u00edculas como&nbsp;<em>Toy Story&nbsp;<\/em>y&nbsp;<em>Frozen<\/em>&nbsp;ya se encuentran en desarrollo. Aparentemente, luego de atravesar unos duros meses de varios despidos y p\u00e9rdidas, la compa\u00f1\u00eda ya est\u00e1 lista para retomar sus labores tambi\u00e9n con otros t\u00edtulos como&nbsp;<em>Zootopia<\/em>&nbsp;e incluso poner sobre la mesa la posibilidad de crear una experiencia de&nbsp;<em>Avatar<\/em>&nbsp;en Disneylandia.<\/p>\n\n\n\n<p><em>Toy Story<\/em>&nbsp;cuenta con cuatro pel\u00edculas originales de pixar que se han publicado entre 1995 y 2019, sin contar&nbsp;<em>Lightyear<\/em>, el spin-off que ahonda m\u00e1s sobre el personaje de Buzz y que se estren\u00f3 a mediados del a\u00f1o pasado. Para esa pel\u00edcula, Chris Evans puso la voz al personaje intergal\u00e1ctico, mientras que en esta secuela solo se ha confirmado la participaci\u00f3n de un miembro del reparto original y se trata de Tim Allen, quien volver\u00e1 para dar la voz al astronauta.<\/p>\n\n\n\n<p>Por su parte,\u00a0<em>Frozen<\/em>\u00a0es uno de los proyectos un poco m\u00e1s recientes de Disney, llegando con su primera entrega en 2013 y con su respectiva continuaci\u00f3n en 2019. Para este proyecto, la franquicia ha contado con las voces de Kristen Bell e Indina Menzel para dar vida al personaje de Elsa. Por el momento no se sabe si alguna de estas actrices volver\u00e1 para la secuela.\u00a0<\/p>\n\n\n\n<p>En la historia cinematogr\u00e1fica de Disney, tanto\u00a0<em>Toy Story<\/em>\u00a0como\u00a0<em>Frozen<\/em>\u00a0se registran como las m\u00e1s taquilleras de todos los tiempos. Las \u00faltimas dos entregas del filme de juguetes alcanz\u00f3 a recaudar un total superior a los mil millones de d\u00f3lares, mientras que la segunda entrega de\u00a0<em>Frozen<\/em>\u00a0sum\u00f3 un monto de 1400 millones de d\u00f3lares en regal\u00edas. Por lo pronto, se espera que Disney revele m\u00e1s detalles sobre lo que ser\u00e1n las continuaciones de dos de las historias favoritas del p\u00fablico de las pel\u00edculas animadas.<\/p>\n\n\n\n<p>Fuente: <a href=\"https:\/\/es.rollingstone.com\/se-confirman-secuelas-de-toy-story-y-frozen\/\" data-type=\"URL\" data-id=\"https:\/\/es.rollingstone.com\/se-confirman-secuelas-de-toy-story-y-frozen\/\">Rolling Stone<\/a><\/p>\n","protected":false},"excerpt":{"rendered":"<p>El d\u00eda de ayer, 8 de febrero, el consejero delegado de Disney, Bob Iger, fue el encargado de anunciar los planes de la compa\u00f1\u00eda para este 2023. La noticia alegr\u00f3 a muchos al saber que las secuelas de pel\u00edculas como&nbsp;Toy Story&nbsp;y&nbsp;Frozen&nbsp;ya se encuentran en desarrollo. Aparentemente, luego de atravesar unos duros meses de varios despidos [&hellip;]<\/p>\n","protected":false},"author":35,"featured_media":93696,"comment_status":"open","ping_status":"open","sticky":false,"template":"","format":"standard","meta":{"_monsterinsights_skip_tracking":false,"_monsterinsights_sitenote_active":false,"_monsterinsights_sitenote_note":"","_monsterinsights_sitenote_category":0,"footnotes":""},"categories":[576],"tags":[23122,23120,6838],"class_list":["post-93691","post","type-post","status-publish","format-standard","has-post-thumbnail","hentry","category-ocio","tag-frozen","tag-se-confirman","tag-toy-story","wp-image-borders"],"amp_enabled":true,"_links":{"self":[{"href":"https:\/\/nvnoticias.mx\/index.php\/wp-json\/wp\/v2\/posts\/93691","targetHints":{"allow":["GET"]}}],"collection":[{"href":"https:\/\/nvnoticias.mx\/index.php\/wp-json\/wp\/v2\/posts"}],"about":[{"href":"https:\/\/nvnoticias.mx\/index.php\/wp-json\/wp\/v2\/types\/post"}],"author":[{"embeddable":true,"href":"https:\/\/nvnoticias.mx\/index.php\/wp-json\/wp\/v2\/users\/35"}],"replies":[{"embeddable":true,"href":"https:\/\/nvnoticias.mx\/index.php\/wp-json\/wp\/v2\/comments?post=93691"}],"version-history":[{"count":5,"href":"https:\/\/nvnoticias.mx\/index.php\/wp-json\/wp\/v2\/posts\/93691\/revisions"}],"predecessor-version":[{"id":93697,"href":"https:\/\/nvnoticias.mx\/index.php\/wp-json\/wp\/v2\/posts\/93691\/revisions\/93697"}],"wp:featuredmedia":[{"embeddable":true,"href":"https:\/\/nvnoticias.mx\/index.php\/wp-json\/wp\/v2\/media\/93696"}],"wp:attachment":[{"href":"https:\/\/nvnoticias.mx\/index.php\/wp-json\/wp\/v2\/media?parent=93691"}],"wp:term":[{"taxonomy":"category","embeddable":true,"href":"https:\/\/nvnoticias.mx\/index.php\/wp-json\/wp\/v2\/categories?post=93691"},{"taxonomy":"post_tag","embeddable":true,"href":"https:\/\/nvnoticias.mx\/index.php\/wp-json\/wp\/v2\/tags?post=93691"}],"curies":[{"name":"wp","href":"https:\/\/api.w.org\/{rel}","templated":true}]}}