{"id":93638,"date":"2023-02-09T13:57:00","date_gmt":"2023-02-09T19:57:00","guid":{"rendered":"https:\/\/nvnoticias.mx\/?p=93638"},"modified":"2023-02-09T13:57:00","modified_gmt":"2023-02-09T19:57:00","slug":"confirma-martha-barcena-lo-dicho-por-pompeo-sobre-ebrard-y-quedate-en-mexico","status":"publish","type":"post","link":"https:\/\/nvnoticias.mx\/index.php\/2023\/02\/09\/confirma-martha-barcena-lo-dicho-por-pompeo-sobre-ebrard-y-quedate-en-mexico\/","title":{"rendered":"Confirma Martha B\u00e1rcena lo dicho por Pompeo sobre Ebrard y &#8220;Qu\u00e9date en M\u00e9xico&#8221;"},"content":{"rendered":"\n<p>La exembajadora de M\u00e9xico en Estados Unidos,&nbsp;<strong>Martha B\u00e1rcena<\/strong>, confirm\u00f3 lo revelado por<strong>&nbsp;Mike Pompeo<\/strong>, quien fuera Secretario de Estado en el gobierno de&nbsp;<strong>Donald Trump<\/strong>, en el sentido de que el canciller&nbsp;<strong>Marcelo Ebrard<\/strong>&nbsp;acept\u00f3 el acuerdo que dar\u00eda paso al pol\u00e9mico programa&nbsp;<strong>&#8220;Qu\u00e9date en M\u00e9xico&#8221;<\/strong>&nbsp;y le pidi\u00f3 mantenerlo en secreto.&nbsp;<\/p>\n\n\n\n<p>En entrevista exclusiva para el podcast de Univision Reporta, B\u00e1rcena expuso que hasta que apareci\u00f3 el libro &#8220;Guerras en la frontera&#8221; y ahora las Memorias de Pompeo, \u201cen donde yo simplemente ratifico que siempre se me enga\u00f1\u00f3 y que se me enga\u00f1\u00f3 en el sentido de no decirme que esto hab\u00eda sido un acuerdo, una negociaci\u00f3n entre Ebrard y Pompeo y Nielsen\u201d.<\/p>\n\n\n\n<p>Consider\u00f3 que con estas decisiones cambi\u00f3 la llamada<strong>&nbsp;estrategia humanista<\/strong>&nbsp;del presidente&nbsp;<strong>Andr\u00e9s Manuel L\u00f3pez Obrador<\/strong>en materia migratoria.<\/p>\n\n\n\n<blockquote class=\"wp-block-quote is-layout-flow wp-block-quote-is-layout-flow\"><p>\u201cHay que ver cu\u00e1les eran las ambiciones personales de Ebrard, porque para \u00e9l, y creo que ahorita la realidad nos los demuestra, lo \u00fanico importante ha sido el ser el candidato a la presidencia y convertirse en presidente. Y todas las dem\u00e1s decisiones estaban sujetas a esa, a esa ambici\u00f3n personal\u201d, declar\u00f3.<\/p><\/blockquote>\n\n\n\n<p>En la entrevista, el periodista<strong>&nbsp;Le\u00f3n Krauze<\/strong>, quien es el presentador del Noticiero Nocturno de Televisa Univision y ha ganado varios premios de periodismo, incluyendo nueve Emmys, un premio Edward R. Murrow, el premio del Club de Prensa de Los \u00c1ngeles y un premio Golden Mic, la exembajadora calific\u00f3 a Ebrard dentro del gabinete presidencial como \u201cel coyote en el gallinero\u201d por su experiencia, a diferencia de la mayor\u00eda de los funcionarios.<\/p>\n\n\n\n<p>Krauze: &#8220;En su libro reciente, el ex secretario de Estado, Mike Pompeo, dice que el programa &#8216;Qu\u00e9date en M\u00e9xico&#8217; fue producto de un acuerdo entre ambos gobiernos. La versi\u00f3n en M\u00e9xico ha sido que se trat\u00f3 m\u00e1s bien de una decisi\u00f3n independiente de Estados Unidos. Usted estuvo ah\u00ed, &#8216;\u00bfQu\u00e9date en M\u00e9xico&#8217;, Embajadora. \u00bfFue una imposici\u00f3n de Estados Unidos o fue un<strong>&nbsp;acuerdo privado&nbsp;<\/strong>con el gobierno mexicano, como lo dice Pompeo?&#8221;.&nbsp;<br>&nbsp;<br>B\u00e1rcena: &#8220;A m\u00ed lo que me dice Ebrard un d\u00eda antes de que yo comparezca ante el Senado, estando en relaciones, me dice &#8216;ven a mi oficina&#8217;; me dice, &#8216;para que ma\u00f1ana no te pesquen en curva. Te quiero informar que Kirstjen Nielsen nos acaba de avisar que ma\u00f1ana va a decir que van a imponer, van a poner en pr\u00e1ctica una parte de su&nbsp;<strong>ley de migraci\u00f3n<\/strong>&nbsp;y nos van a empezar a regresar solicitantes de asilo&#8217;. Me dice &#8216;\u00bfY t\u00fa que opinas?&#8217; Le dije, &#8216;pues yo opino que por razones humanitarias tendr\u00edamos que recibirlos, siempre y cuando sepamos por cu\u00e1nto tiempo y cu\u00e1ntos de ellos. Porque no tenemos capacidad en M\u00e9xico de aguantar estos retornos. Y segundo, esto significa una violaci\u00f3n de&nbsp;<strong>Estados Unidos<\/strong>&nbsp;al principio de<strong>&nbsp;no devoluci\u00f3n<\/strong>, que es la base de la Convenci\u00f3n sobre el Estatuto de los Refugiados&#8217;. Bueno, es que quer\u00edamos conversar un poco m\u00e1s de la comparecencia y de esto me dice: &#8216;yo me tengo que ir a mi oficina y yo voy al d\u00eda siguiente al Senado, estoy en el Senado y al salir del Senado tengo m\u00e1s de 10 llamadas telef\u00f3nicas de un alto funcionario de Palacio Nacional pregunt\u00e1ndome que qu\u00e9 era lo que estaban anunciando los americanos, que si yo ten\u00eda idea&#8217;.<\/p>\n\n\n\n<p>Yo dije &#8216;no tengo idea de lo que me dijo ayer Ebrard&#8217;. Despu\u00e9s, ya en Estados Unidos, en diversas conversaciones con Kirstjen Nielsen, con otros funcionarios me dec\u00edan &#8216;pero es que ya lo acordamos con Ebrard&#8217; y yo segu\u00eda, &#8216;no, pues es que esto es unilateral&#8217;, porque eso es lo que me dec\u00edan de M\u00e9xico. Hasta que apareci\u00f3 el libro &#8216;Guerras en la frontera&#8217; y ahora las Memorias de Pompeo, en donde yo simplemente ratifico que siempre se\u00a0<strong>me enga\u00f1\u00f3\u00a0<\/strong>y que se me enga\u00f1\u00f3 en el sentido de no decirme que esto hab\u00eda sido un acuerdo, una negociaci\u00f3n entre Ebrard y\u00a0<strong>Pompeo<\/strong>\u00a0y\u00a0<strong>Nielsen<\/strong>&#8220;.\u00a0<\/p>\n\n\n\n<p>Fuente:<a href=\"https:\/\/www.eluniversal.com.mx\/nacion\/siempre-se-me-engano-martha-barcena-confirma-lo-dicho-por-pompeo-sobre-ebrard-y-quedate-en-mexico\" data-type=\"URL\" data-id=\"https:\/\/www.eluniversal.com.mx\/nacion\/siempre-se-me-engano-martha-barcena-confirma-lo-dicho-por-pompeo-sobre-ebrard-y-quedate-en-mexico\"> El Universal<\/a><\/p>\n","protected":false},"excerpt":{"rendered":"<p>La exembajadora de M\u00e9xico en Estados Unidos,&nbsp;Martha B\u00e1rcena, confirm\u00f3 lo revelado por&nbsp;Mike Pompeo, quien fuera Secretario de Estado en el gobierno de&nbsp;Donald Trump, en el sentido de que el canciller&nbsp;Marcelo Ebrard&nbsp;acept\u00f3 el acuerdo que dar\u00eda paso al pol\u00e9mico programa&nbsp;&#8220;Qu\u00e9date en M\u00e9xico&#8221;&nbsp;y le pidi\u00f3 mantenerlo en secreto.&nbsp; En entrevista exclusiva para el podcast de Univision Reporta, [&hellip;]<\/p>\n","protected":false},"author":35,"featured_media":93645,"comment_status":"open","ping_status":"open","sticky":false,"template":"","format":"standard","meta":{"_monsterinsights_skip_tracking":false,"_monsterinsights_sitenote_active":false,"_monsterinsights_sitenote_note":"","_monsterinsights_sitenote_category":0,"footnotes":""},"categories":[158],"tags":[8413,391,23109,23110,1731],"class_list":["post-93638","post","type-post","status-publish","format-standard","has-post-thumbnail","hentry","category-politica","tag-confirma","tag-marcelo-ebrard","tag-martha-barcena","tag-pompeo","tag-quedate-en-mexico","wp-image-borders"],"amp_enabled":true,"_links":{"self":[{"href":"https:\/\/nvnoticias.mx\/index.php\/wp-json\/wp\/v2\/posts\/93638","targetHints":{"allow":["GET"]}}],"collection":[{"href":"https:\/\/nvnoticias.mx\/index.php\/wp-json\/wp\/v2\/posts"}],"about":[{"href":"https:\/\/nvnoticias.mx\/index.php\/wp-json\/wp\/v2\/types\/post"}],"author":[{"embeddable":true,"href":"https:\/\/nvnoticias.mx\/index.php\/wp-json\/wp\/v2\/users\/35"}],"replies":[{"embeddable":true,"href":"https:\/\/nvnoticias.mx\/index.php\/wp-json\/wp\/v2\/comments?post=93638"}],"version-history":[{"count":7,"href":"https:\/\/nvnoticias.mx\/index.php\/wp-json\/wp\/v2\/posts\/93638\/revisions"}],"predecessor-version":[{"id":93648,"href":"https:\/\/nvnoticias.mx\/index.php\/wp-json\/wp\/v2\/posts\/93638\/revisions\/93648"}],"wp:featuredmedia":[{"embeddable":true,"href":"https:\/\/nvnoticias.mx\/index.php\/wp-json\/wp\/v2\/media\/93645"}],"wp:attachment":[{"href":"https:\/\/nvnoticias.mx\/index.php\/wp-json\/wp\/v2\/media?parent=93638"}],"wp:term":[{"taxonomy":"category","embeddable":true,"href":"https:\/\/nvnoticias.mx\/index.php\/wp-json\/wp\/v2\/categories?post=93638"},{"taxonomy":"post_tag","embeddable":true,"href":"https:\/\/nvnoticias.mx\/index.php\/wp-json\/wp\/v2\/tags?post=93638"}],"curies":[{"name":"wp","href":"https:\/\/api.w.org\/{rel}","templated":true}]}}