{"id":93408,"date":"2023-02-07T15:45:40","date_gmt":"2023-02-07T21:45:40","guid":{"rendered":"https:\/\/nvnoticias.mx\/?p=93408"},"modified":"2023-02-07T15:45:41","modified_gmt":"2023-02-07T21:45:41","slug":"extrabajadores-del-sistema-de-agua-y-saneamiento-se-manifiestan-en-el-tejar","status":"publish","type":"post","link":"https:\/\/nvnoticias.mx\/index.php\/2023\/02\/07\/extrabajadores-del-sistema-de-agua-y-saneamiento-se-manifiestan-en-el-tejar\/","title":{"rendered":"Extrabajadores del Sistema de Agua y Saneamiento se manifiestan en El Tejar"},"content":{"rendered":"\n<p><strong>Jes\u00fas Utrilla | NV Noticias<\/strong><\/p>\n\n\n\n<p>Extrabajadores del Sistema de Agua y Saneamiento (SAS) se manifestaron en El Tejar, municipio de Medell\u00edn de Bravo, para exigir ser restituidos en sus puestos laborales y que se le retire la concesi\u00f3n al Grupo M\u00c1S.<\/p>\n\n\n\n<p>Ang\u00e9lica Navarrete, l\u00edder de los extrabajadores, asegur\u00f3 que ya cuentan con dos tomas de nota, la primera fue expedida por las autoridades laborales en la Ciudad de M\u00e9xico, mientras que la segunda fue otorgada por la Junta Estatal de Conciliaci\u00f3n y Arbitraje.<\/p>\n\n\n\n<p>Lament\u00f3 que el caso no tenga avances significativos, ya que las autoridades son omisas en su exigencia de justicia.<\/p>\n\n\n\n<blockquote class=\"wp-block-quote is-layout-flow wp-block-quote-is-layout-flow\"><p>\u201cHoy m\u00e1s que nunca tenemos que seguir insistiendo, tocando puertas y no debemos decepcionarnos, ese es el fin de las autoridades, por eso muchas veces retrasan las cosas para que la gente se quede en el camino, pero con nosotros&nbsp; se equivocan, somos gente de lucha, gente de trabajo y no vamos a descansar hasta que se haga justicia\u201d.<\/p><\/blockquote>\n\n\n\n<p>Asegur\u00f3 que en los pr\u00f3ximos 20 d\u00edas acudir\u00e1n a manifestarse en el Congreso local, ya que los diputados tambi\u00e9n son omisos ante la privatizaci\u00f3n del agua en Veracruz.<\/p>\n\n\n\n<blockquote class=\"wp-block-quote is-layout-flow wp-block-quote-is-layout-flow\"><p>&#8220;Hoy que tenemos nuestra toma de nota, compa\u00f1eros se los digo claramente, vamos a seguir luchando, hoy m\u00e1s que nunca. Hoy empezamos nuevamente con nuestras manifestaciones, pero si no dan soluci\u00f3n iremos al Congreso del Estado en unos 15 o 20 d\u00edas m\u00e1s, porque tenemos que dar tiempo aquellos reflexionen y den una soluci\u00f3n, pero sino nuestra pr\u00f3xima salida ser\u00eda al Congreso del Estado&#8221;.<\/p><\/blockquote>\n\n\n\n<p>Critic\u00f3 al alcalde de Medell\u00edn, Marcos Isle\u00f1o, ya que en campa\u00f1a se comprometi\u00f3 a revocar la concesi\u00f3n de Grupo M\u00c1S en el municipio si los extrabajadores del SAS votaban por \u00e9l para ganar la alcald\u00eda.<\/p>\n","protected":false},"excerpt":{"rendered":"<p>Jes\u00fas Utrilla | NV Noticias Extrabajadores del Sistema de Agua y Saneamiento (SAS) se manifestaron en El Tejar, municipio de Medell\u00edn de Bravo, para exigir ser restituidos en sus puestos laborales y que se le retire la concesi\u00f3n al Grupo M\u00c1S. Ang\u00e9lica Navarrete, l\u00edder de los extrabajadores, asegur\u00f3 que ya cuentan con dos tomas de [&hellip;]<\/p>\n","protected":false},"author":7,"featured_media":93422,"comment_status":"open","ping_status":"open","sticky":false,"template":"","format":"standard","meta":{"_monsterinsights_skip_tracking":false,"_monsterinsights_sitenote_active":false,"_monsterinsights_sitenote_note":"","_monsterinsights_sitenote_category":0,"footnotes":""},"categories":[154],"tags":[6181,4118,503,5236,23064],"class_list":["post-93408","post","type-post","status-publish","format-standard","has-post-thumbnail","hentry","category-veracruz","tag-el-tejar","tag-extrabajadores","tag-manifestacion","tag-sas","tag-sistema-de-agua-y-saneamiento","wp-image-borders"],"amp_enabled":true,"_links":{"self":[{"href":"https:\/\/nvnoticias.mx\/index.php\/wp-json\/wp\/v2\/posts\/93408","targetHints":{"allow":["GET"]}}],"collection":[{"href":"https:\/\/nvnoticias.mx\/index.php\/wp-json\/wp\/v2\/posts"}],"about":[{"href":"https:\/\/nvnoticias.mx\/index.php\/wp-json\/wp\/v2\/types\/post"}],"author":[{"embeddable":true,"href":"https:\/\/nvnoticias.mx\/index.php\/wp-json\/wp\/v2\/users\/7"}],"replies":[{"embeddable":true,"href":"https:\/\/nvnoticias.mx\/index.php\/wp-json\/wp\/v2\/comments?post=93408"}],"version-history":[{"count":1,"href":"https:\/\/nvnoticias.mx\/index.php\/wp-json\/wp\/v2\/posts\/93408\/revisions"}],"predecessor-version":[{"id":93423,"href":"https:\/\/nvnoticias.mx\/index.php\/wp-json\/wp\/v2\/posts\/93408\/revisions\/93423"}],"wp:featuredmedia":[{"embeddable":true,"href":"https:\/\/nvnoticias.mx\/index.php\/wp-json\/wp\/v2\/media\/93422"}],"wp:attachment":[{"href":"https:\/\/nvnoticias.mx\/index.php\/wp-json\/wp\/v2\/media?parent=93408"}],"wp:term":[{"taxonomy":"category","embeddable":true,"href":"https:\/\/nvnoticias.mx\/index.php\/wp-json\/wp\/v2\/categories?post=93408"},{"taxonomy":"post_tag","embeddable":true,"href":"https:\/\/nvnoticias.mx\/index.php\/wp-json\/wp\/v2\/tags?post=93408"}],"curies":[{"name":"wp","href":"https:\/\/api.w.org\/{rel}","templated":true}]}}