{"id":934,"date":"2021-01-12T11:14:04","date_gmt":"2021-01-12T17:14:04","guid":{"rendered":"https:\/\/nvnoticias.mx\/?p=934"},"modified":"2021-01-12T11:14:05","modified_gmt":"2021-01-12T17:14:05","slug":"suspenderan-el-programa-independencia-peatonal-y-limitaran-aforos-en-comercios-de-veracruz","status":"publish","type":"post","link":"https:\/\/nvnoticias.mx\/index.php\/2021\/01\/12\/suspenderan-el-programa-independencia-peatonal-y-limitaran-aforos-en-comercios-de-veracruz\/","title":{"rendered":"Suspender\u00e1n el Programa Independencia Peatonal y limitar\u00e1n aforos en comercios de Veracruz"},"content":{"rendered":"\n<p><strong>Jes\u00fas Utrilla \/ NV Noticias<\/strong><\/p>\n\n\n\n<p>Como parte del nuevo Decreto Estatal para restringir la movilidad en 12 municipios del estado, en la ciudad de Veracruz se limitar\u00e1n nuevamente aforos en restaurantes, tiendas de autoservicio y otros comercios, en 50 por ciento.<\/p>\n\n\n\n<p>El alcalde de Veracruz, Fernando Yunez M\u00e1rquez, se\u00f1al\u00f3 que reforzar\u00e1n los operativos para que los filtros sanitarios funcionen adecuadamente y haya sana distancia.<\/p>\n\n\n\n<p>Suspender\u00e1n el Programa Independencia Peatonal, para evitar que acudan personas el fin de semana, aunque los restaurantes de los portales seguir\u00e1n abiertos, siempre y cuando laboren bajo las normas correspondientes.<\/p>\n\n\n\n<blockquote class=\"wp-block-quote is-layout-flow wp-block-quote-is-layout-flow\"><p>\u201cAyer platicamos con las c\u00e1maras empresariales y hay que decir dos cosas: el decreto no dice que el sem\u00e1foro est\u00e9 en rojo, seguimos en naranja y acordamos disminuir aforos. Tambi\u00e9n vamos a hacer una solicitud a Gobierno del Estado, una es que expliquen en una mesa abierta cual\u00a0 es el proceso de vacunaci\u00f3n en Veracruz y que a trav\u00e9s de Transporte P\u00fablico hagan obligatorio el uso de cubrebocas tanto en camiones como en taxis\u201d.<\/p><\/blockquote>\n\n\n\n<p>Se vigilar\u00e1 al comercio ambulante para que tambi\u00e9n usen cubrebocas y respeten la distancia.<\/p>\n\n\n\n<p>El presidente municipal exhort\u00f3 a acatar el llamado preventivo para no regresar a sem\u00e1foro rojo e implementar restricciones m\u00e1s estrictas.<\/p>\n\n\n\n<p>El alcalde acudi\u00f3 a dar el inicio de la rehabilitaci\u00f3n de la planta de tratamiento de aguas residuales de R\u00edo Medio, en la que invertir\u00e1n 16 millones de pesos para ponerla en marcha.<\/p>\n\n\n\n<p>El beneficio ser\u00e1 para 105 mil personas que habitan en colonias de la zona norte de la ciudad porte\u00f1a.<\/p>\n","protected":false},"excerpt":{"rendered":"<p>Jes\u00fas Utrilla \/ NV Noticias Como parte del nuevo Decreto Estatal para restringir la movilidad en 12 municipios del estado, en la ciudad de Veracruz se limitar\u00e1n nuevamente aforos en restaurantes, tiendas de autoservicio y otros comercios, en 50 por ciento. El alcalde de Veracruz, Fernando Yunez M\u00e1rquez, se\u00f1al\u00f3 que reforzar\u00e1n los operativos para que [&hellip;]<\/p>\n","protected":false},"author":6,"featured_media":935,"comment_status":"open","ping_status":"open","sticky":false,"template":"","format":"standard","meta":{"_monsterinsights_skip_tracking":false,"_monsterinsights_sitenote_active":false,"_monsterinsights_sitenote_note":"","_monsterinsights_sitenote_category":0,"footnotes":""},"categories":[154],"tags":[175,162,180],"class_list":["post-934","post","type-post","status-publish","format-standard","has-post-thumbnail","hentry","category-veracruz","tag-covid-19","tag-portada","tag-veracruz","wp-image-borders"],"amp_enabled":true,"_links":{"self":[{"href":"https:\/\/nvnoticias.mx\/index.php\/wp-json\/wp\/v2\/posts\/934","targetHints":{"allow":["GET"]}}],"collection":[{"href":"https:\/\/nvnoticias.mx\/index.php\/wp-json\/wp\/v2\/posts"}],"about":[{"href":"https:\/\/nvnoticias.mx\/index.php\/wp-json\/wp\/v2\/types\/post"}],"author":[{"embeddable":true,"href":"https:\/\/nvnoticias.mx\/index.php\/wp-json\/wp\/v2\/users\/6"}],"replies":[{"embeddable":true,"href":"https:\/\/nvnoticias.mx\/index.php\/wp-json\/wp\/v2\/comments?post=934"}],"version-history":[{"count":1,"href":"https:\/\/nvnoticias.mx\/index.php\/wp-json\/wp\/v2\/posts\/934\/revisions"}],"predecessor-version":[{"id":937,"href":"https:\/\/nvnoticias.mx\/index.php\/wp-json\/wp\/v2\/posts\/934\/revisions\/937"}],"wp:featuredmedia":[{"embeddable":true,"href":"https:\/\/nvnoticias.mx\/index.php\/wp-json\/wp\/v2\/media\/935"}],"wp:attachment":[{"href":"https:\/\/nvnoticias.mx\/index.php\/wp-json\/wp\/v2\/media?parent=934"}],"wp:term":[{"taxonomy":"category","embeddable":true,"href":"https:\/\/nvnoticias.mx\/index.php\/wp-json\/wp\/v2\/categories?post=934"},{"taxonomy":"post_tag","embeddable":true,"href":"https:\/\/nvnoticias.mx\/index.php\/wp-json\/wp\/v2\/tags?post=934"}],"curies":[{"name":"wp","href":"https:\/\/api.w.org\/{rel}","templated":true}]}}