{"id":93353,"date":"2023-02-07T10:14:23","date_gmt":"2023-02-07T16:14:23","guid":{"rendered":"https:\/\/nvnoticias.mx\/?p=93353"},"modified":"2023-02-07T10:14:25","modified_gmt":"2023-02-07T16:14:25","slug":"defendera-china-derechos-e-intereses-tras-derribo-de-globo-por-parte-de-eu","status":"publish","type":"post","link":"https:\/\/nvnoticias.mx\/index.php\/2023\/02\/07\/defendera-china-derechos-e-intereses-tras-derribo-de-globo-por-parte-de-eu\/","title":{"rendered":"Defender\u00e1 China &#8220;derechos e intereses&#8221; tras derribo de globo por parte de EU"},"content":{"rendered":"\n<p>La portavoz del Ministerio de Asuntos Exteriores de&nbsp;<strong>China<\/strong>, Mao Ning, declar\u00f3 que la aeronave recientemente derribada por&nbsp;<strong>Estados Unidos<\/strong>&nbsp;&#8220;pertenece a China&#8221; y que, por tanto, el gobierno chino continuar\u00e1 protegiendo sus &#8220;derechos e intereses leg\u00edtimos&#8221;.<\/p>\n\n\n\n<p>En las \u00faltimas horas, el portavoz del Consejo de Seguridad Nacional de Estados Unidos,&nbsp;<strong>John Kirby<\/strong>, asegur\u00f3 que el pa\u00eds norteamericano no ten\u00eda intenci\u00f3n de devolver los restos del aparato a China.<\/p>\n\n\n\n<p>Mao reiter\u00f3 que la aeronave era de &#8220;uso civil&#8221; y que se &#8220;desvi\u00f3 de su rumbo original&#8221; por &#8220;causas de fuerza mayor&#8221;, recogi\u00f3 el diario local Global Times.<\/p>\n\n\n\n<p>&#8220;Se trat\u00f3 de un accidente que en ning\u00fan momento puso en peligro a los ciudadanos o a la seguridad nacional de Estados Unidos&#8221;, se\u00f1al\u00f3 la vocera.<\/p>\n\n\n\n<p>Mao insisti\u00f3 en que\u00a0<strong>Washington<\/strong>\u00a0deber\u00eda haber gestionado este incidente &#8220;con calma y profesionalidad&#8221; y defini\u00f3 la reacci\u00f3n estadounidense como &#8220;<strong>exagerada<\/strong>&#8220;.<\/p>\n\n\n\n<p>Fuente: <a href=\"https:\/\/www.eluniversal.com.mx\/mundo\/globo-chino-pekin-defendera-derechos-e-intereses-tras-derribo-por-parte-de-eu\" data-type=\"URL\" data-id=\"https:\/\/www.eluniversal.com.mx\/mundo\/globo-chino-pekin-defendera-derechos-e-intereses-tras-derribo-por-parte-de-eu\">El Universal<\/a> <\/p>\n","protected":false},"excerpt":{"rendered":"<p>La portavoz del Ministerio de Asuntos Exteriores de&nbsp;China, Mao Ning, declar\u00f3 que la aeronave recientemente derribada por&nbsp;Estados Unidos&nbsp;&#8220;pertenece a China&#8221; y que, por tanto, el gobierno chino continuar\u00e1 protegiendo sus &#8220;derechos e intereses leg\u00edtimos&#8221;. En las \u00faltimas horas, el portavoz del Consejo de Seguridad Nacional de Estados Unidos,&nbsp;John Kirby, asegur\u00f3 que el pa\u00eds norteamericano no [&hellip;]<\/p>\n","protected":false},"author":35,"featured_media":90682,"comment_status":"open","ping_status":"open","sticky":false,"template":"","format":"standard","meta":{"_monsterinsights_skip_tracking":false,"_monsterinsights_sitenote_active":false,"_monsterinsights_sitenote_note":"","_monsterinsights_sitenote_category":0,"footnotes":""},"categories":[181],"tags":[185,9396,5679,23050,183,22972,7604],"class_list":["post-93353","post","type-post","status-publish","format-standard","has-post-thumbnail","hentry","category-internacional","tag-china","tag-defendera","tag-derechos","tag-derribo","tag-estados-unidos","tag-globo","tag-intereses","wp-image-borders"],"amp_enabled":true,"_links":{"self":[{"href":"https:\/\/nvnoticias.mx\/index.php\/wp-json\/wp\/v2\/posts\/93353","targetHints":{"allow":["GET"]}}],"collection":[{"href":"https:\/\/nvnoticias.mx\/index.php\/wp-json\/wp\/v2\/posts"}],"about":[{"href":"https:\/\/nvnoticias.mx\/index.php\/wp-json\/wp\/v2\/types\/post"}],"author":[{"embeddable":true,"href":"https:\/\/nvnoticias.mx\/index.php\/wp-json\/wp\/v2\/users\/35"}],"replies":[{"embeddable":true,"href":"https:\/\/nvnoticias.mx\/index.php\/wp-json\/wp\/v2\/comments?post=93353"}],"version-history":[{"count":4,"href":"https:\/\/nvnoticias.mx\/index.php\/wp-json\/wp\/v2\/posts\/93353\/revisions"}],"predecessor-version":[{"id":93357,"href":"https:\/\/nvnoticias.mx\/index.php\/wp-json\/wp\/v2\/posts\/93353\/revisions\/93357"}],"wp:featuredmedia":[{"embeddable":true,"href":"https:\/\/nvnoticias.mx\/index.php\/wp-json\/wp\/v2\/media\/90682"}],"wp:attachment":[{"href":"https:\/\/nvnoticias.mx\/index.php\/wp-json\/wp\/v2\/media?parent=93353"}],"wp:term":[{"taxonomy":"category","embeddable":true,"href":"https:\/\/nvnoticias.mx\/index.php\/wp-json\/wp\/v2\/categories?post=93353"},{"taxonomy":"post_tag","embeddable":true,"href":"https:\/\/nvnoticias.mx\/index.php\/wp-json\/wp\/v2\/tags?post=93353"}],"curies":[{"name":"wp","href":"https:\/\/api.w.org\/{rel}","templated":true}]}}