{"id":93096,"date":"2023-02-04T11:27:31","date_gmt":"2023-02-04T17:27:31","guid":{"rendered":"https:\/\/nvnoticias.mx\/?p=93096"},"modified":"2023-02-04T11:27:33","modified_gmt":"2023-02-04T17:27:33","slug":"compra-kim-kardashian-un-collar-de-la-princesa-diana","status":"publish","type":"post","link":"https:\/\/nvnoticias.mx\/index.php\/2023\/02\/04\/compra-kim-kardashian-un-collar-de-la-princesa-diana\/","title":{"rendered":"Compra Kim Kardashian un collar de la princesa Diana"},"content":{"rendered":"\n<p>Durante la venta anual de la colecci\u00f3n\u00a0Royal and Noble\u00a0de Sotheby\u2019s en enero, la estrella de televisi\u00f3n estadounidense\u00a0<strong>Kim Kardashian compr\u00f3 el\u00a0collar conocido como la cruz de Attallah, de diamantes y amatista<\/strong>, usado anteriormente por\u00a0<strong>Diana, princesa de Gales.<\/strong><\/p>\n\n\n\n<p>El colgante, que pesa 5.25 quilates, se vendi\u00f3 por<strong>\u00a0197 mil 453 d\u00f3lares (160 mil libras), casi\u00a0el doble\u00a0<\/strong>de la estimaci\u00f3n previa a la subasta.<\/p>\n\n\n\n<p>El<strong>\u00a0colgante con incrustaciones de diamantes y zafiros\u00a0<\/strong>fue dise\u00f1ado originalmente en la d\u00e9cada de 1920 por el joyero de la corte,\u00a0<strong>Garrard<\/strong>, y m\u00e1s tarde se convirti\u00f3 en parte de la\u00a0colecci\u00f3n de\u00a0<strong>Naim Attallah<\/strong>, un empresario y escritor palestino-brit\u00e1nico. Attallah era el ex director ejecutivo de marcas en Asprey y Garrard y amigo de\u00a0Diana.<\/p>\n\n\n\n<p>El legado del collar y su asociaci\u00f3n con Diana, han asegurado su lugar en la rica historia de la moda. Que se haya convertido en\u00a0<strong>parte de la colecci\u00f3n de Kim Kardashian<\/strong>\u00a0es un r<strong>ecordatorio del poder de la celebridad\u00a0<\/strong>para impulsar el valor econ\u00f3mico.<\/p>\n\n\n\n<p>C\u00f3mo una asociaci\u00f3n con la celebridad m\u00e1s transitoria de la era de las redes sociales afectar\u00e1 la longevidad de los recuerdos de la moda es menos seguro.<\/p>\n\n\n\n<p>Fuente: <a href=\"https:\/\/www.elfinanciero.com.mx\/estilo\/2023\/02\/03\/kim-kardashian-compra-un-collar-de-la-princesa-diana-y-con-ello-su-valor-historico\/\" data-type=\"URL\" data-id=\"https:\/\/www.elfinanciero.com.mx\/estilo\/2023\/02\/03\/kim-kardashian-compra-un-collar-de-la-princesa-diana-y-con-ello-su-valor-historico\/\">El Financiero<\/a><\/p>\n","protected":false},"excerpt":{"rendered":"<p>Durante la venta anual de la colecci\u00f3n\u00a0Royal and Noble\u00a0de Sotheby\u2019s en enero, la estrella de televisi\u00f3n estadounidense\u00a0Kim Kardashian compr\u00f3 el\u00a0collar conocido como la cruz de Attallah, de diamantes y amatista, usado anteriormente por\u00a0Diana, princesa de Gales. El colgante, que pesa 5.25 quilates, se vendi\u00f3 por\u00a0197 mil 453 d\u00f3lares (160 mil libras), casi\u00a0el doble\u00a0de la estimaci\u00f3n [&hellip;]<\/p>\n","protected":false},"author":35,"featured_media":91952,"comment_status":"open","ping_status":"open","sticky":false,"template":"","format":"standard","meta":{"_monsterinsights_skip_tracking":false,"_monsterinsights_sitenote_active":false,"_monsterinsights_sitenote_note":"","_monsterinsights_sitenote_category":0,"footnotes":""},"categories":[576],"tags":[463,3975,7253,8265],"class_list":["post-93096","post","type-post","status-publish","format-standard","has-post-thumbnail","hentry","category-ocio","tag-collar","tag-compra","tag-kim-kardashian","tag-princesa-diana","wp-image-borders"],"amp_enabled":true,"_links":{"self":[{"href":"https:\/\/nvnoticias.mx\/index.php\/wp-json\/wp\/v2\/posts\/93096","targetHints":{"allow":["GET"]}}],"collection":[{"href":"https:\/\/nvnoticias.mx\/index.php\/wp-json\/wp\/v2\/posts"}],"about":[{"href":"https:\/\/nvnoticias.mx\/index.php\/wp-json\/wp\/v2\/types\/post"}],"author":[{"embeddable":true,"href":"https:\/\/nvnoticias.mx\/index.php\/wp-json\/wp\/v2\/users\/35"}],"replies":[{"embeddable":true,"href":"https:\/\/nvnoticias.mx\/index.php\/wp-json\/wp\/v2\/comments?post=93096"}],"version-history":[{"count":1,"href":"https:\/\/nvnoticias.mx\/index.php\/wp-json\/wp\/v2\/posts\/93096\/revisions"}],"predecessor-version":[{"id":93097,"href":"https:\/\/nvnoticias.mx\/index.php\/wp-json\/wp\/v2\/posts\/93096\/revisions\/93097"}],"wp:featuredmedia":[{"embeddable":true,"href":"https:\/\/nvnoticias.mx\/index.php\/wp-json\/wp\/v2\/media\/91952"}],"wp:attachment":[{"href":"https:\/\/nvnoticias.mx\/index.php\/wp-json\/wp\/v2\/media?parent=93096"}],"wp:term":[{"taxonomy":"category","embeddable":true,"href":"https:\/\/nvnoticias.mx\/index.php\/wp-json\/wp\/v2\/categories?post=93096"},{"taxonomy":"post_tag","embeddable":true,"href":"https:\/\/nvnoticias.mx\/index.php\/wp-json\/wp\/v2\/tags?post=93096"}],"curies":[{"name":"wp","href":"https:\/\/api.w.org\/{rel}","templated":true}]}}