{"id":9309,"date":"2021-03-29T14:37:37","date_gmt":"2021-03-29T20:37:37","guid":{"rendered":"https:\/\/nvnoticias.mx\/?p=9309"},"modified":"2021-03-29T14:37:38","modified_gmt":"2021-03-29T20:37:38","slug":"cita-fgr-a-moncayo-parra-por-denuncia-en-su-contra","status":"publish","type":"post","link":"https:\/\/nvnoticias.mx\/index.php\/2021\/03\/29\/cita-fgr-a-moncayo-parra-por-denuncia-en-su-contra\/","title":{"rendered":"Cita FGR a Moncayo Parra por denuncia en su contra"},"content":{"rendered":"\n<p><strong>Jes\u00fas Utrilla \/ NV Noticias <\/strong><\/p>\n\n\n\n<p>La Fiscal\u00eda General de la Rep\u00fablica cit\u00f3 a declarar al l\u00edder del Movimiento Renovador Democr\u00e1tico, Marco Antonio Moncayo Parra, por una denuncia en su contra.<\/p>\n\n\n\n<p>El oficio fue girado con fecha del 24 de marzo para que se presente el 7 de abril por un delito no especificado en el documento.<\/p>\n\n\n\n<p>Moncayo Parra descart\u00f3 pueda deberse a la manifestaci\u00f3n que realiz\u00f3 el movimiento contra el Grupo Metropolitano de Agua y Saneamiento.<\/p>\n\n\n\n<p>Tampoco por los plantones afuera de la Comisi\u00f3n Federal de Electricidad ya que estos \u00faltimos fueron pac\u00edficos y no se obstruy\u00f3 el pago.<\/p>\n\n\n\n<blockquote class=\"wp-block-quote is-layout-flow wp-block-quote-is-layout-flow\"><p>\u201cYo no he cometido ning\u00fan delito y lo de Grupo MAS no compete a la Fiscal\u00eda General de la Rep\u00fablica. Entonces no sabemos por donde viene esto. Solamente que sea por la luz pero por la luz nos inconformamos conforme a lo que dice la Constituci\u00f3n\u201d.\u00a0\u00a0<\/p><\/blockquote>\n\n\n\n<p>Consider\u00f3 que la denuncia obedece a alguna de las manifestaciones que llev\u00f3 a cabo, sin embargo, aclar\u00f3 que toda protesta se realiz\u00f3 dentro del marco de la ley.<\/p>\n\n\n\n<p>Aclar\u00f3 que no dejar\u00e1 la lucha social por el citatorio girado en su contra ya que persisten arbitrariedades contra los ciudadanos de Veracruz.<\/p>\n\n\n\n<blockquote class=\"wp-block-quote is-layout-flow wp-block-quote-is-layout-flow\"><p>\u201cNo he tomado carreteras, no he secuestrado, no se por que me cita la Fiscal\u00eda General de la Rep\u00fablica. Ahorita estoy viendo a los abogados para que se hagan cargo del asunto porque la lucha social ha sido aut\u00e9ntica y conforme a la ley\u201d.<\/p><\/blockquote>\n\n\n\n<p>El d\u00eda 7 de abril se presentar\u00e1 ante la FGR para declarar y conocer el asunto.<\/p>\n","protected":false},"excerpt":{"rendered":"<p>Jes\u00fas Utrilla \/ NV Noticias La Fiscal\u00eda General de la Rep\u00fablica cit\u00f3 a declarar al l\u00edder del Movimiento Renovador Democr\u00e1tico, Marco Antonio Moncayo Parra, por una denuncia en su contra. El oficio fue girado con fecha del 24 de marzo para que se presente el 7 de abril por un delito no especificado en el [&hellip;]<\/p>\n","protected":false},"author":7,"featured_media":9310,"comment_status":"open","ping_status":"open","sticky":false,"template":"","format":"standard","meta":{"_monsterinsights_skip_tracking":false,"_monsterinsights_sitenote_active":false,"_monsterinsights_sitenote_note":"","_monsterinsights_sitenote_category":0,"footnotes":""},"categories":[154],"tags":[1258,1293,2647,180],"class_list":["post-9309","post","type-post","status-publish","format-standard","has-post-thumbnail","hentry","category-veracruz","tag-fiscalia-general-de-la-republica","tag-grupo-mas","tag-marco-antonio-moncayo-parra","tag-veracruz","wp-image-borders"],"amp_enabled":true,"_links":{"self":[{"href":"https:\/\/nvnoticias.mx\/index.php\/wp-json\/wp\/v2\/posts\/9309","targetHints":{"allow":["GET"]}}],"collection":[{"href":"https:\/\/nvnoticias.mx\/index.php\/wp-json\/wp\/v2\/posts"}],"about":[{"href":"https:\/\/nvnoticias.mx\/index.php\/wp-json\/wp\/v2\/types\/post"}],"author":[{"embeddable":true,"href":"https:\/\/nvnoticias.mx\/index.php\/wp-json\/wp\/v2\/users\/7"}],"replies":[{"embeddable":true,"href":"https:\/\/nvnoticias.mx\/index.php\/wp-json\/wp\/v2\/comments?post=9309"}],"version-history":[{"count":1,"href":"https:\/\/nvnoticias.mx\/index.php\/wp-json\/wp\/v2\/posts\/9309\/revisions"}],"predecessor-version":[{"id":9311,"href":"https:\/\/nvnoticias.mx\/index.php\/wp-json\/wp\/v2\/posts\/9309\/revisions\/9311"}],"wp:featuredmedia":[{"embeddable":true,"href":"https:\/\/nvnoticias.mx\/index.php\/wp-json\/wp\/v2\/media\/9310"}],"wp:attachment":[{"href":"https:\/\/nvnoticias.mx\/index.php\/wp-json\/wp\/v2\/media?parent=9309"}],"wp:term":[{"taxonomy":"category","embeddable":true,"href":"https:\/\/nvnoticias.mx\/index.php\/wp-json\/wp\/v2\/categories?post=9309"},{"taxonomy":"post_tag","embeddable":true,"href":"https:\/\/nvnoticias.mx\/index.php\/wp-json\/wp\/v2\/tags?post=9309"}],"curies":[{"name":"wp","href":"https:\/\/api.w.org\/{rel}","templated":true}]}}