{"id":93012,"date":"2023-02-04T07:48:20","date_gmt":"2023-02-04T13:48:20","guid":{"rendered":"https:\/\/nvnoticias.mx\/?p=93012"},"modified":"2023-02-04T07:48:20","modified_gmt":"2023-02-04T13:48:20","slug":"mexico-espera-que-tesla-anuncie-pronto-inversion-en-el-pais-marcelo-ebrard","status":"publish","type":"post","link":"https:\/\/nvnoticias.mx\/index.php\/2023\/02\/04\/mexico-espera-que-tesla-anuncie-pronto-inversion-en-el-pais-marcelo-ebrard\/","title":{"rendered":"M\u00e9xico espera que Tesla anuncie pronto inversi\u00f3n en el pa\u00eds: Marcelo Ebrard"},"content":{"rendered":"\n<p>El gobierno de&nbsp;<strong>M\u00e9xico<\/strong>&nbsp;espera que la empresa estadounidense de autos el\u00e9ctricos&nbsp;<strong>Tesla<\/strong>, del magnate Elon Musk, anuncie pronto su decisi\u00f3n de invertir en el pa\u00eds, inform\u00f3 el canciller mexicano,&nbsp;<strong>Marcelo Ebrard<\/strong>.<\/p>\n\n\n\n<blockquote class=\"wp-block-quote is-layout-flow wp-block-quote-is-layout-flow\"><p>&#8220;S\u00ed, nos han dicho y nos han ratificado que les interesa estar en M\u00e9xico&#8221;, dijo el canciller la noche del jueves a tres agencias internacionales, entre ellas la AFP.<\/p><\/blockquote>\n\n\n\n<p>A\u00f1adi\u00f3 que solamente resta que la firma de&nbsp;<strong>autos el\u00e9ctricos<\/strong>&nbsp;defina d\u00f3nde instalar\u00eda su planta.<\/p>\n\n\n\n<blockquote class=\"wp-block-quote is-layout-flow wp-block-quote-is-layout-flow\"><p>&#8220;Estamos esperando la decisi\u00f3n que tomen ellos, de localizaci\u00f3n (&#8230;) probablemente no tome tanto tiempo&#8221;, apunt\u00f3 Ebrard al finalizar una presentaci\u00f3n de un\u00a0<strong>parque de energ\u00eda solar<\/strong>\u00a0que se construye en el norte\u00f1o estado de\u00a0<strong>Sonora<\/strong>.<\/p><\/blockquote>\n\n\n\n<blockquote class=\"wp-block-quote is-layout-flow wp-block-quote-is-layout-flow\"><p>&#8220;Hoy en d\u00eda hay muchas plantas que trabajan para Tesla, ya es un cliente conocido de M\u00e9xico&#8221;, dijo Ebrard.<\/p><\/blockquote>\n\n\n\n<p>El canciller viaj\u00f3 el jueves con decenas de embajadores a&nbsp;<strong>Sonora<\/strong>&nbsp;para presentarles el futuro parque fotovoltaico de Puerto Pe\u00f1asco.<\/p>\n\n\n\n<blockquote class=\"wp-block-quote is-layout-flow wp-block-quote-is-layout-flow\"><p>&#8220;Queremos invitar a todos los pa\u00edses del mundo, a las empresas de todos los pa\u00edses del mundo para participar, invertir, ser parte del futuro de M\u00e9xico&#8221;, dijo en esa ocasi\u00f3n.<\/p><\/blockquote>\n\n\n\n<p>Fronterizo con\u00a0<strong>Estados Unidos<\/strong>, el estado de Sonora cuenta tambi\u00e9n con yacimientos de litio, un mineral clave para las\u00a0bater\u00edas de autos el\u00e9ctricos y nuevas tecnolog\u00edas, los cuales el gobierno mexicano declar\u00f3 propiedad de la Naci\u00f3n.<\/p>\n\n\n\n<p>Por otro lado, el canciller manifest\u00f3 la &#8220;preocupaci\u00f3n&#8221; del gobierno mexicano por la crisis pol\u00edtica de Per\u00fa desatada tras la destituci\u00f3n del presidente Pedro Castillo, tras intentar un golpe de estado fallido al intentar disolver el Parlamento que quer\u00eda destituirle.<\/p>\n\n\n\n<blockquote class=\"wp-block-quote is-layout-flow wp-block-quote-is-layout-flow\"><p>&#8220;S\u00ed estamos sumamente preocupados de lo que vemos&#8221;, como &#8220;tendencias a que puede empeorar&#8221;, dijo Ebrard, para enfatizar luego que el gobierno de M\u00e9xico no reconoce ni desconoce gobiernos &#8220;a menos que haya un golpe de Estado&#8221;.<\/p><\/blockquote>\n\n\n\n<p>Por \u00faltimo, el\u00a0jefe diplom\u00e1tico\u00a0adelant\u00f3 que dejar\u00e1 su cargo en el pr\u00f3ximo verano boreal para disputar la candidatura presidencial dentro del partido oficialista Morena de cara a las elecciones de 2024.<\/p>\n\n\n\n<p>&#8220;Lo \u00fanico que tienen que aclarar es cu\u00e1ndo tenemos que separarnos de nuestro cargo&#8221;, a\u00f1adi\u00f3 Ebrard, que se enfrenta a la alcaldesa de Ciudad de M\u00e9xico,\u00a0<strong>Claudia Sheinbaum<\/strong>, y el secretario de Gobernaci\u00f3n (Interior),\u00a0<strong>Ad\u00e1n Augusto L\u00f3pez<\/strong>.<\/p>\n\n\n\n<p>Fuente: <a href=\"https:\/\/www.eleconomista.com.mx\/amp\/empresas\/Mexico-espera-que-Tesla-anuncie-pronto-inversion-en-el-pais-Marcelo-Ebrard-20230203-0050.html\" data-type=\"URL\" data-id=\"https:\/\/www.eleconomista.com.mx\/amp\/empresas\/Mexico-espera-que-Tesla-anuncie-pronto-inversion-en-el-pais-Marcelo-Ebrard-20230203-0050.html\">El economista<\/a> <\/p>\n","protected":false},"excerpt":{"rendered":"<p>El gobierno de&nbsp;M\u00e9xico&nbsp;espera que la empresa estadounidense de autos el\u00e9ctricos&nbsp;Tesla, del magnate Elon Musk, anuncie pronto su decisi\u00f3n de invertir en el pa\u00eds, inform\u00f3 el canciller mexicano,&nbsp;Marcelo Ebrard. &#8220;S\u00ed, nos han dicho y nos han ratificado que les interesa estar en M\u00e9xico&#8221;, dijo el canciller la noche del jueves a tres agencias internacionales, entre ellas [&hellip;]<\/p>\n","protected":false},"author":35,"featured_media":86520,"comment_status":"open","ping_status":"open","sticky":false,"template":"","format":"standard","meta":{"_monsterinsights_skip_tracking":false,"_monsterinsights_sitenote_active":false,"_monsterinsights_sitenote_note":"","_monsterinsights_sitenote_category":0,"footnotes":""},"categories":[158],"tags":[22989,11827,254,391,292,162,280],"class_list":["post-93012","post","type-post","status-publish","format-standard","has-post-thumbnail","hentry","category-politica","tag-anuncie","tag-espera","tag-inversion","tag-marcelo-ebrard","tag-mexico","tag-portada","tag-tesla","wp-image-borders"],"amp_enabled":true,"_links":{"self":[{"href":"https:\/\/nvnoticias.mx\/index.php\/wp-json\/wp\/v2\/posts\/93012","targetHints":{"allow":["GET"]}}],"collection":[{"href":"https:\/\/nvnoticias.mx\/index.php\/wp-json\/wp\/v2\/posts"}],"about":[{"href":"https:\/\/nvnoticias.mx\/index.php\/wp-json\/wp\/v2\/types\/post"}],"author":[{"embeddable":true,"href":"https:\/\/nvnoticias.mx\/index.php\/wp-json\/wp\/v2\/users\/35"}],"replies":[{"embeddable":true,"href":"https:\/\/nvnoticias.mx\/index.php\/wp-json\/wp\/v2\/comments?post=93012"}],"version-history":[{"count":3,"href":"https:\/\/nvnoticias.mx\/index.php\/wp-json\/wp\/v2\/posts\/93012\/revisions"}],"predecessor-version":[{"id":93015,"href":"https:\/\/nvnoticias.mx\/index.php\/wp-json\/wp\/v2\/posts\/93012\/revisions\/93015"}],"wp:featuredmedia":[{"embeddable":true,"href":"https:\/\/nvnoticias.mx\/index.php\/wp-json\/wp\/v2\/media\/86520"}],"wp:attachment":[{"href":"https:\/\/nvnoticias.mx\/index.php\/wp-json\/wp\/v2\/media?parent=93012"}],"wp:term":[{"taxonomy":"category","embeddable":true,"href":"https:\/\/nvnoticias.mx\/index.php\/wp-json\/wp\/v2\/categories?post=93012"},{"taxonomy":"post_tag","embeddable":true,"href":"https:\/\/nvnoticias.mx\/index.php\/wp-json\/wp\/v2\/tags?post=93012"}],"curies":[{"name":"wp","href":"https:\/\/api.w.org\/{rel}","templated":true}]}}