{"id":92956,"date":"2023-02-03T13:31:34","date_gmt":"2023-02-03T19:31:34","guid":{"rendered":"https:\/\/nvnoticias.mx\/?p=92956"},"modified":"2023-02-03T13:31:36","modified_gmt":"2023-02-03T19:31:36","slug":"asegura-taylor-lautner-que-estar-sin-camisa-en-twilight-lo-llevo-a-sufrir-problemas","status":"publish","type":"post","link":"https:\/\/nvnoticias.mx\/index.php\/2023\/02\/03\/asegura-taylor-lautner-que-estar-sin-camisa-en-twilight-lo-llevo-a-sufrir-problemas\/","title":{"rendered":"Asegura Taylor Lautner que estar sin camisa en &#8220;Twilight&#8221; lo llev\u00f3 a sufrir problemas"},"content":{"rendered":"\n<p>El actor comparti\u00f3 recientemente c\u00f3mo protagonizar la franquicia de pel\u00edculas&nbsp;<em>Crep\u00fasculo<\/em>, donde interpret\u00f3 al hombre lobo Jacob Black, impact\u00f3 la forma en que ve\u00eda su cuerpo.<\/p>\n\n\n\n<blockquote class=\"wp-block-quote is-layout-flow wp-block-quote-is-layout-flow\"><p>&#8220;Cuando estaba en eso, cuando ten\u00eda entre 16 y 20 a\u00f1os, protagonizando esta franquicia en la que mi personaje es conocido por quitarse la camisa cada dos segundos&#8221;, dijo Lautner en el podcast de\u00a0<em>The Squeeze<\/em>\u00a0el 1\u00ba de febrero, &#8220;no sab\u00eda que me estaba afectando o que me iba a afectar en el futuro con la imagen corporal, pero ahora que lo miro en retrospectiva, por supuesto que s\u00ed, y por supuesto que lo har\u00e1&#8221;.<\/p><\/blockquote>\n\n\n\n<p>Lautner record\u00f3 la transformaci\u00f3n f\u00edsica que emprendi\u00f3 para interpretar al personaje, as\u00ed como el costo que tuvo.<\/p>\n\n\n\n<blockquote class=\"wp-block-quote is-layout-flow wp-block-quote-is-layout-flow\"><p>&#8220;En la primera pel\u00edcula pesaba 63 kilos y en Luna Nueva pesaba 79&#8221;, continu\u00f3. &#8220;As\u00ed que s\u00ed, ese no era mi cuerpo natural. Tuve que trabajar muy duro para conseguirlo y muy, muy duro solo para mantenerlo&#8221;.<\/p><\/blockquote>\n\n\n\n<p>Despu\u00e9s de que la franquicia terminara en 2012, el actor de 30 a\u00f1os detall\u00f3 su duda de ir al gimnasio despu\u00e9s de haber sido &#8220;obligado a estar en un gimnasio varias veces al d\u00eda, seis d\u00edas a la semana&#8221; mientras filmaba\u00a0<em>Crep\u00fasculo<\/em>.<\/p>\n\n\n\n<blockquote class=\"wp-block-quote is-layout-flow wp-block-quote-is-layout-flow\"><p>&#8220;\u00bfQu\u00e9 sucede cuando no quieres ver un gimnasio? Empiezas a perder los abdominales. Empec\u00e9 a tener un cuerpo m\u00e1s normal&#8221;, dijo. &#8220;Recuerdo que una de las primeras veces que lo vi en l\u00ednea fue muy dif\u00edcil. Estaba filmando una pel\u00edcula llamada\u00a0<em>Run The Tide<\/em>, y mi personaje en eso no se supone que sea un culturista o un tipo musculoso de ninguna manera. Pens\u00e9 que me ve\u00eda bien&#8221;.<\/p><\/blockquote>\n\n\n\n<p>\u00c9l continu\u00f3, &#8220;Me pusieron de lado a lado sin camisa en el oc\u00e9ano en una escena de esa pel\u00edcula, compar\u00e1ndome conmigo en Eclipse o lo que sea y diciendo, \u2018Vaya, lo dej\u00f3 todo&#8217;. Yo estaba como, &#8216;Oh, hombre. \u00bfRealmente dej\u00e9 que todo se fuera?&#8217; No pens\u00e9 que me ve\u00eda tan mal&#8221;.<\/p>\n\n\n\n<p>Las im\u00e1genes de comparaci\u00f3n tuvieron un efecto grave en su salud mental, y Lautner se\u00f1al\u00f3 que &#8220;se pondr\u00eda en forma y lo dejar\u00eda ir&#8221;.<\/p>\n\n\n\n<blockquote class=\"wp-block-quote is-layout-flow wp-block-quote-is-layout-flow\"><p>&#8220;He vuelto a estar saludable, pero para que mi cuerpo estuviera f\u00edsicamente saludable, primero necesit\u00e9 que mi mente se recuperara&#8221;, dijo. &#8220;Pero s\u00ed, esas im\u00e1genes de lado a lado continuaron durante a\u00f1os y a\u00f1os, y me molestaron. Me doli\u00f3&#8221;.<\/p><\/blockquote>\n\n\n\n<p>Reflexionando sobre la experiencia, Lautner enfatiz\u00f3 por qu\u00e9 priorizar la salud mental y el autocuidado va de la mano con la imagen corporal.<\/p>\n\n\n\n<blockquote class=\"wp-block-quote is-layout-flow wp-block-quote-is-layout-flow\"><p>&#8220;Tu cuerpo puede lucir incre\u00edble, puedes estar marcado, lo que sea que puedas perder de peso, puedes ganar m\u00fasculo&#8221;, dijo, &#8220;y si no est\u00e1s sano mentalmente, entonces todo eso es en vano porque eso puede ir en tu contra&#8221;.<\/p><\/blockquote>\n\n\n\n<p>Para los hombres que experimentan problemas de imagen corporal, Lautner emiti\u00f3 un recordatorio de que lo que ven en el espejo puede ser producto de c\u00f3mo su cerebro &#8220;ve las cosas de manera diferente&#8221;.<\/p>\n\n\n\n<blockquote class=\"wp-block-quote is-layout-flow wp-block-quote-is-layout-flow\"><p>&#8220;No es tan malo como crees&#8221;, dijo. &#8220;Siempre te dices a ti mismo que es peor de lo que es&#8221;.<\/p><\/blockquote>\n\n\n\n<p>Sobre todo, Lautner dijo que cuidar tu cuerpo debe hacerse &#8220;por las razones correctas&#8221;.<\/p>\n\n\n\n<blockquote class=\"wp-block-quote is-layout-flow wp-block-quote-is-layout-flow\"><p>&#8220;No encuentres la felicidad en c\u00f3mo quieres que se vea tu cuerpo&#8221;, dijo. &#8220;No pienses que solo porque pierdes 10 kilos o aumentas el m\u00fasculo, te despertar\u00e1s y te mirar\u00e1s en el espejo y de repente ser\u00e1s feliz. Ah\u00ed no es donde deber\u00edas encontrar valor&#8221;.<\/p><\/blockquote>\n\n\n\n<p>Fuente: <a href=\"https:\/\/www.eonline.com\/mx\/news\/1363731\/taylor-lautner-asegura-que-estar-sin-camisa-en-twilight-lo-llevo-a-sufrir-problemas-de-imagen-corporal\" data-type=\"URL\" data-id=\"https:\/\/www.eonline.com\/mx\/news\/1363731\/taylor-lautner-asegura-que-estar-sin-camisa-en-twilight-lo-llevo-a-sufrir-problemas-de-imagen-corporal\">E!<\/a><\/p>\n","protected":false},"excerpt":{"rendered":"<p>El actor comparti\u00f3 recientemente c\u00f3mo protagonizar la franquicia de pel\u00edculas&nbsp;Crep\u00fasculo, donde interpret\u00f3 al hombre lobo Jacob Black, impact\u00f3 la forma en que ve\u00eda su cuerpo. &#8220;Cuando estaba en eso, cuando ten\u00eda entre 16 y 20 a\u00f1os, protagonizando esta franquicia en la que mi personaje es conocido por quitarse la camisa cada dos segundos&#8221;, dijo Lautner [&hellip;]<\/p>\n","protected":false},"author":35,"featured_media":92959,"comment_status":"open","ping_status":"open","sticky":false,"template":"","format":"standard","meta":{"_monsterinsights_skip_tracking":false,"_monsterinsights_sitenote_active":false,"_monsterinsights_sitenote_note":"","_monsterinsights_sitenote_category":0,"footnotes":""},"categories":[576],"tags":[2602,12405,18890,22967],"class_list":["post-92956","post","type-post","status-publish","format-standard","has-post-thumbnail","hentry","category-ocio","tag-problemas","tag-sufrir","tag-taylor-lautner","tag-twilight","wp-image-borders"],"amp_enabled":true,"_links":{"self":[{"href":"https:\/\/nvnoticias.mx\/index.php\/wp-json\/wp\/v2\/posts\/92956","targetHints":{"allow":["GET"]}}],"collection":[{"href":"https:\/\/nvnoticias.mx\/index.php\/wp-json\/wp\/v2\/posts"}],"about":[{"href":"https:\/\/nvnoticias.mx\/index.php\/wp-json\/wp\/v2\/types\/post"}],"author":[{"embeddable":true,"href":"https:\/\/nvnoticias.mx\/index.php\/wp-json\/wp\/v2\/users\/35"}],"replies":[{"embeddable":true,"href":"https:\/\/nvnoticias.mx\/index.php\/wp-json\/wp\/v2\/comments?post=92956"}],"version-history":[{"count":1,"href":"https:\/\/nvnoticias.mx\/index.php\/wp-json\/wp\/v2\/posts\/92956\/revisions"}],"predecessor-version":[{"id":92960,"href":"https:\/\/nvnoticias.mx\/index.php\/wp-json\/wp\/v2\/posts\/92956\/revisions\/92960"}],"wp:featuredmedia":[{"embeddable":true,"href":"https:\/\/nvnoticias.mx\/index.php\/wp-json\/wp\/v2\/media\/92959"}],"wp:attachment":[{"href":"https:\/\/nvnoticias.mx\/index.php\/wp-json\/wp\/v2\/media?parent=92956"}],"wp:term":[{"taxonomy":"category","embeddable":true,"href":"https:\/\/nvnoticias.mx\/index.php\/wp-json\/wp\/v2\/categories?post=92956"},{"taxonomy":"post_tag","embeddable":true,"href":"https:\/\/nvnoticias.mx\/index.php\/wp-json\/wp\/v2\/tags?post=92956"}],"curies":[{"name":"wp","href":"https:\/\/api.w.org\/{rel}","templated":true}]}}