{"id":92948,"date":"2023-02-03T12:53:59","date_gmt":"2023-02-03T18:53:59","guid":{"rendered":"https:\/\/nvnoticias.mx\/?p=92948"},"modified":"2023-02-03T12:53:59","modified_gmt":"2023-02-03T18:53:59","slug":"suman-15-incendios-forestales-en-veracruz","status":"publish","type":"post","link":"https:\/\/nvnoticias.mx\/index.php\/2023\/02\/03\/suman-15-incendios-forestales-en-veracruz\/","title":{"rendered":"Suman 15 incendios forestales en Veracruz"},"content":{"rendered":"\n<p><strong>Sam Ojeda \/ NV Noticias<\/strong><\/p>\n\n\n\n<p>Xalapa.- La jefa de Hidrometeorolog\u00eda de cuenca Golfo-Centro de la Comisi\u00f3n Nacional, Jessica Luna Lagunes, inform\u00f3 que en lo que va de este 2023 en el estado de Veracruz se han registrado 15 incendios forestales.&nbsp;<\/p>\n\n\n\n<p>Con esa cantidad la entidad se ubica en el tercer lugar a nivel nacional con m\u00e1s casos.<\/p>\n\n\n\n<p>Con corte al pasado 26 de enero en la entidad han resultado afectadas casi 24 hect\u00e1reas a causa de estos incendios.&nbsp;<\/p>\n\n\n\n<blockquote class=\"wp-block-quote is-layout-flow wp-block-quote-is-layout-flow\"><p>\u201c<em>En lo que llevamos de este 2023, con corte al 26 de enero van 15 incendios forestales. De acuerdo con Conafor, Veracruz se ubica en el tercer lugar con un n\u00famero mayor de incendios<\/em>\u201d, dijo.\u00a0<\/p><\/blockquote>\n\n\n\n<p>El primer lugar a nivel nacional con m\u00e1s incendios es Jalisco con 42 incendios, en segundo lugar aparece Ciudad de M\u00e9xico con 28 y Veracruz en tercer lugar con 15. &nbsp;<\/p>\n\n\n\n<p>El a\u00f1o anterior en Veracruz se registraron 269 incendios forestales, que signific\u00f3 el doble de lo reportado en 2021, cuando se registraron 131 incendios.&nbsp;<\/p>\n\n\n\n<p>Sin embargo, el con m\u00e1s incendios registrados desde 1991 fue 2011 cuando se registraron 414 incendios.<\/p>\n","protected":false},"excerpt":{"rendered":"<p>Sam Ojeda \/ NV Noticias Xalapa.- La jefa de Hidrometeorolog\u00eda de cuenca Golfo-Centro de la Comisi\u00f3n Nacional, Jessica Luna Lagunes, inform\u00f3 que en lo que va de este 2023 en el estado de Veracruz se han registrado 15 incendios forestales.&nbsp; Con esa cantidad la entidad se ubica en el tercer lugar a nivel nacional con [&hellip;]<\/p>\n","protected":false},"author":8,"featured_media":48019,"comment_status":"open","ping_status":"open","sticky":false,"template":"","format":"standard","meta":{"_monsterinsights_skip_tracking":false,"_monsterinsights_sitenote_active":false,"_monsterinsights_sitenote_note":"","_monsterinsights_sitenote_category":0,"footnotes":""},"categories":[156],"tags":[2256,180],"class_list":["post-92948","post","type-post","status-publish","format-standard","has-post-thumbnail","hentry","category-estado","tag-incendios-forestales","tag-veracruz","wp-image-borders"],"amp_enabled":true,"_links":{"self":[{"href":"https:\/\/nvnoticias.mx\/index.php\/wp-json\/wp\/v2\/posts\/92948","targetHints":{"allow":["GET"]}}],"collection":[{"href":"https:\/\/nvnoticias.mx\/index.php\/wp-json\/wp\/v2\/posts"}],"about":[{"href":"https:\/\/nvnoticias.mx\/index.php\/wp-json\/wp\/v2\/types\/post"}],"author":[{"embeddable":true,"href":"https:\/\/nvnoticias.mx\/index.php\/wp-json\/wp\/v2\/users\/8"}],"replies":[{"embeddable":true,"href":"https:\/\/nvnoticias.mx\/index.php\/wp-json\/wp\/v2\/comments?post=92948"}],"version-history":[{"count":1,"href":"https:\/\/nvnoticias.mx\/index.php\/wp-json\/wp\/v2\/posts\/92948\/revisions"}],"predecessor-version":[{"id":92949,"href":"https:\/\/nvnoticias.mx\/index.php\/wp-json\/wp\/v2\/posts\/92948\/revisions\/92949"}],"wp:featuredmedia":[{"embeddable":true,"href":"https:\/\/nvnoticias.mx\/index.php\/wp-json\/wp\/v2\/media\/48019"}],"wp:attachment":[{"href":"https:\/\/nvnoticias.mx\/index.php\/wp-json\/wp\/v2\/media?parent=92948"}],"wp:term":[{"taxonomy":"category","embeddable":true,"href":"https:\/\/nvnoticias.mx\/index.php\/wp-json\/wp\/v2\/categories?post=92948"},{"taxonomy":"post_tag","embeddable":true,"href":"https:\/\/nvnoticias.mx\/index.php\/wp-json\/wp\/v2\/tags?post=92948"}],"curies":[{"name":"wp","href":"https:\/\/api.w.org\/{rel}","templated":true}]}}