{"id":92934,"date":"2023-02-03T12:13:06","date_gmt":"2023-02-03T18:13:06","guid":{"rendered":"https:\/\/nvnoticias.mx\/?p=92934"},"modified":"2023-02-03T12:13:08","modified_gmt":"2023-02-03T18:13:08","slug":"acepta-amlo-tener-diferencias-de-fondo-con-monreal","status":"publish","type":"post","link":"https:\/\/nvnoticias.mx\/index.php\/2023\/02\/03\/acepta-amlo-tener-diferencias-de-fondo-con-monreal\/","title":{"rendered":"Acepta AMLO tener diferencias \u201cde fondo\u201d con Monreal"},"content":{"rendered":"\n<p>El presidente Andr\u00e9s Manuel L\u00f3pez Obrador reconoci\u00f3 que el derecho y la justicia es una diferencia de fondo que tiene con el senador Ricardo Monreal.<\/p>\n\n\n\n<p>En la conferencia ma\u00f1anera de Palacio Nacional, el mandatario explic\u00f3 que el tambi\u00e9n aspirante a la Presidencia de la Rep\u00fablica est\u00e1 a favor del derecho, m\u00e1s que de la justicia.<\/p>\n\n\n\n<blockquote class=\"wp-block-quote is-layout-flow wp-block-quote-is-layout-flow\"><p>\u201cEsa es una diferencia que tenemos, no politiquera, esta es de fondo, porque no s\u00f3lo es Ricardo el que piensa as\u00ed, son much\u00edsimos y los abogados casi todos y yo no coincido con eso\u201d, remarc\u00f3.<\/p><\/blockquote>\n\n\n\n<p><br>Sin embargo, L\u00f3pez Obrador asegur\u00f3 que estas diferencias son normales en un pa\u00eds democr\u00e1tico, pero adem\u00e1s, si todos pensaran de la misma manera \u201cser\u00eda muy aburrida la vida\u201d.<br><\/p>\n\n\n\n<p>Por tanto, rechaz\u00f3 que los dichos de Monreal sobre la justicia y el derecho signifiquen un desmarque del senador de su relaci\u00f3n con la Presidencia y el movimiento de la 4T.<\/p>\n\n\n\n<blockquote class=\"wp-block-quote is-layout-flow wp-block-quote-is-layout-flow\"><p>\u201cNo, no, ya estamos grandes y ya cada qui\u00e9n sabe lo que busca y representa y a m\u00ed me gusta que haya debate, estos temas de fondo, porque para m\u00ed, si el Poder Judicial, no es el caso de Ricardo, sigue actuando a partir de que un delincuente fue detenido, pero el Ministerio P\u00fablico en la averiguaci\u00f3n, en la consignaci\u00f3n que lo detuvieron a las 10 de la ma\u00f1ana y el abogado defensor demuestra que fue a las 11 y por eso lo deja en libertad el juez, eso es un tecnicismo\u201d, explic\u00f3.<\/p><\/blockquote>\n\n\n\n<p><br>L\u00f3pez Obrador aprovech\u00f3 para insistir que es necesario reformar el Poder Judicial para evitar malas pr\u00e1cticas.<br><\/p>\n\n\n\n<p>Fuente: <a href=\"https:\/\/www.milenio.com\/politica\/amlo-acepta-diferencias-fondo-ricardo-monreal\" data-type=\"URL\" data-id=\"https:\/\/www.milenio.com\/politica\/amlo-acepta-diferencias-fondo-ricardo-monreal\">Milenio<\/a><\/p>\n","protected":false},"excerpt":{"rendered":"<p>El presidente Andr\u00e9s Manuel L\u00f3pez Obrador reconoci\u00f3 que el derecho y la justicia es una diferencia de fondo que tiene con el senador Ricardo Monreal. En la conferencia ma\u00f1anera de Palacio Nacional, el mandatario explic\u00f3 que el tambi\u00e9n aspirante a la Presidencia de la Rep\u00fablica est\u00e1 a favor del derecho, m\u00e1s que de la justicia. [&hellip;]<\/p>\n","protected":false},"author":35,"featured_media":17222,"comment_status":"open","ping_status":"open","sticky":false,"template":"","format":"standard","meta":{"_monsterinsights_skip_tracking":false,"_monsterinsights_sitenote_active":false,"_monsterinsights_sitenote_note":"","_monsterinsights_sitenote_category":0,"footnotes":""},"categories":[158],"tags":[12905,188,19684,600],"class_list":["post-92934","post","type-post","status-publish","format-standard","has-post-thumbnail","hentry","category-politica","tag-acepta","tag-amlo","tag-diferencias","tag-ricardo-monreal","wp-image-borders"],"amp_enabled":true,"_links":{"self":[{"href":"https:\/\/nvnoticias.mx\/index.php\/wp-json\/wp\/v2\/posts\/92934","targetHints":{"allow":["GET"]}}],"collection":[{"href":"https:\/\/nvnoticias.mx\/index.php\/wp-json\/wp\/v2\/posts"}],"about":[{"href":"https:\/\/nvnoticias.mx\/index.php\/wp-json\/wp\/v2\/types\/post"}],"author":[{"embeddable":true,"href":"https:\/\/nvnoticias.mx\/index.php\/wp-json\/wp\/v2\/users\/35"}],"replies":[{"embeddable":true,"href":"https:\/\/nvnoticias.mx\/index.php\/wp-json\/wp\/v2\/comments?post=92934"}],"version-history":[{"count":1,"href":"https:\/\/nvnoticias.mx\/index.php\/wp-json\/wp\/v2\/posts\/92934\/revisions"}],"predecessor-version":[{"id":92935,"href":"https:\/\/nvnoticias.mx\/index.php\/wp-json\/wp\/v2\/posts\/92934\/revisions\/92935"}],"wp:featuredmedia":[{"embeddable":true,"href":"https:\/\/nvnoticias.mx\/index.php\/wp-json\/wp\/v2\/media\/17222"}],"wp:attachment":[{"href":"https:\/\/nvnoticias.mx\/index.php\/wp-json\/wp\/v2\/media?parent=92934"}],"wp:term":[{"taxonomy":"category","embeddable":true,"href":"https:\/\/nvnoticias.mx\/index.php\/wp-json\/wp\/v2\/categories?post=92934"},{"taxonomy":"post_tag","embeddable":true,"href":"https:\/\/nvnoticias.mx\/index.php\/wp-json\/wp\/v2\/tags?post=92934"}],"curies":[{"name":"wp","href":"https:\/\/api.w.org\/{rel}","templated":true}]}}