{"id":92922,"date":"2023-02-03T11:51:35","date_gmt":"2023-02-03T17:51:35","guid":{"rendered":"https:\/\/nvnoticias.mx\/?p=92922"},"modified":"2023-02-03T11:51:35","modified_gmt":"2023-02-03T17:51:35","slug":"el-viento-del-norte-retomara-fuerza-la-tarde-de-este-viernes","status":"publish","type":"post","link":"https:\/\/nvnoticias.mx\/index.php\/2023\/02\/03\/el-viento-del-norte-retomara-fuerza-la-tarde-de-este-viernes\/","title":{"rendered":"El viento del norte retomar\u00e1 fuerza la tarde de este viernes"},"content":{"rendered":"\n<p><strong>Jes\u00fas Utrilla \/ NV Noticias<\/strong><\/p>\n\n\n\n<p>El viento del norte intensificar\u00e1 esta tarde en la zona conurbada Veracruz- Boca del R\u00edo, al momento las rachas han alcanzado los 104 kil\u00f3metros por hora.<\/p>\n\n\n\n<p>Alfonso Garc\u00eda Cardona, director de Protecci\u00f3n Civil del Ayuntamiento de Veracruz, report\u00f3 que hasta las 10:30 de la ma\u00f1ana se cayeron 9 luminarias o postes de alumbrado p\u00fablico; se cayeron dos postes de Comisi\u00f3n Federal de Electricidad, 4 l\u00e1minas salieron volando, se cayeron los cristales De la Torre Centro; dos portones se desprendieron, se da\u00f1aron dos veh\u00edculos porque les cayeron estructuras; tambi\u00e9n se cay\u00f3 material de un inmueble abandonado, se atendi\u00f3 un anuncio luminoso que estaba por desprenderse y cableado colgado.<\/p>\n\n\n\n<blockquote class=\"wp-block-quote is-layout-flow wp-block-quote-is-layout-flow\"><p>\u201c<em>No hemos tenido reporte por parte de la Cruz Roja de alguna persona que se haya lesionado a consecuencia del evento del norte. De acuerdo a los meteor\u00f3logos a las 6:40 de la ma\u00f1ana se lleg\u00f3 a 104 kil\u00f3metros por hora. De acuerdo a los pron\u00f3sticos el viento va a incrementar<\/em>\u201d.<\/p><\/blockquote>\n\n\n\n<p>El funcionario municipal llam\u00f3 a no confiarse y no salir de casa si no es necesario. Admiti\u00f3 que varias colonias se quedaron sin energ\u00eda el\u00e9ctrica pero el reporte se efectu\u00f3 directamente a Comisi\u00f3n Federal de Electricidad.<\/p>\n\n\n\n<blockquote class=\"wp-block-quote is-layout-flow wp-block-quote-is-layout-flow\"><p>\u201c<em>No hay gente en las playas, los guardavidas est\u00e1n en sus puestos para dar indicaciones a las personas que se lleguen a acercar pero las playas est\u00e1n vac\u00edas. Que no salgan si no tienen que hacerlo y sino estar muy al pendiente de su entorno para detectar un posible riesgo y si lo observan reportarlo a los servicios de emergencia<\/em>\u201d.<\/p><\/blockquote>\n\n\n\n<p>Cabe mencionar que una luminaria cay\u00f3 sobre un cami\u00f3n urbano sobre el puente de Las Bajadas.<\/p>\n\n\n\n<p>Adem\u00e1s un autom\u00f3vil result\u00f3 con da\u00f1os, despu\u00e9s que le cayera una estructura de metal y vidrios sobre el parabrisas.<\/p>\n","protected":false},"excerpt":{"rendered":"<p>Jes\u00fas Utrilla \/ NV Noticias El viento del norte intensificar\u00e1 esta tarde en la zona conurbada Veracruz- Boca del R\u00edo, al momento las rachas han alcanzado los 104 kil\u00f3metros por hora. Alfonso Garc\u00eda Cardona, director de Protecci\u00f3n Civil del Ayuntamiento de Veracruz, report\u00f3 que hasta las 10:30 de la ma\u00f1ana se cayeron 9 luminarias o [&hellip;]<\/p>\n","protected":false},"author":8,"featured_media":92924,"comment_status":"open","ping_status":"open","sticky":false,"template":"","format":"standard","meta":{"_monsterinsights_skip_tracking":false,"_monsterinsights_sitenote_active":false,"_monsterinsights_sitenote_note":"","_monsterinsights_sitenote_category":0,"footnotes":""},"categories":[154],"tags":[22937,267,162],"class_list":["post-92922","post","type-post","status-publish","format-standard","has-post-thumbnail","hentry","category-veracruz","tag-frente-frio-28","tag-norte","tag-portada","wp-image-borders"],"amp_enabled":true,"_links":{"self":[{"href":"https:\/\/nvnoticias.mx\/index.php\/wp-json\/wp\/v2\/posts\/92922","targetHints":{"allow":["GET"]}}],"collection":[{"href":"https:\/\/nvnoticias.mx\/index.php\/wp-json\/wp\/v2\/posts"}],"about":[{"href":"https:\/\/nvnoticias.mx\/index.php\/wp-json\/wp\/v2\/types\/post"}],"author":[{"embeddable":true,"href":"https:\/\/nvnoticias.mx\/index.php\/wp-json\/wp\/v2\/users\/8"}],"replies":[{"embeddable":true,"href":"https:\/\/nvnoticias.mx\/index.php\/wp-json\/wp\/v2\/comments?post=92922"}],"version-history":[{"count":1,"href":"https:\/\/nvnoticias.mx\/index.php\/wp-json\/wp\/v2\/posts\/92922\/revisions"}],"predecessor-version":[{"id":92925,"href":"https:\/\/nvnoticias.mx\/index.php\/wp-json\/wp\/v2\/posts\/92922\/revisions\/92925"}],"wp:featuredmedia":[{"embeddable":true,"href":"https:\/\/nvnoticias.mx\/index.php\/wp-json\/wp\/v2\/media\/92924"}],"wp:attachment":[{"href":"https:\/\/nvnoticias.mx\/index.php\/wp-json\/wp\/v2\/media?parent=92922"}],"wp:term":[{"taxonomy":"category","embeddable":true,"href":"https:\/\/nvnoticias.mx\/index.php\/wp-json\/wp\/v2\/categories?post=92922"},{"taxonomy":"post_tag","embeddable":true,"href":"https:\/\/nvnoticias.mx\/index.php\/wp-json\/wp\/v2\/tags?post=92922"}],"curies":[{"name":"wp","href":"https:\/\/api.w.org\/{rel}","templated":true}]}}