{"id":92886,"date":"2023-02-03T10:37:56","date_gmt":"2023-02-03T16:37:56","guid":{"rendered":"https:\/\/nvnoticias.mx\/?p=92886"},"modified":"2023-02-03T10:37:58","modified_gmt":"2023-02-03T16:37:58","slug":"fallece-paco-rabanne-un-aclamado-disenador-y-perfumista","status":"publish","type":"post","link":"https:\/\/nvnoticias.mx\/index.php\/2023\/02\/03\/fallece-paco-rabanne-un-aclamado-disenador-y-perfumista\/","title":{"rendered":"Fallece Paco Rabanne un aclamado dise\u00f1ador y perfumista"},"content":{"rendered":"\n<p>El dise\u00f1ador franco-espa\u00f1ol<strong>\u00a0Paco Rabanne\u00a0<\/strong>ha fallecido a los 88 a\u00f1os en su domicilio de Portstall, en el noroeste de\u00a0<strong>Francia<\/strong>, confirmaron fuentes de la firma de moda que fund\u00f3.<\/p>\n\n\n\n<p><strong>Francisco Rabaneda y Cuervo<\/strong>, nacido el 18 de febrero de 1934 en la localidad espa\u00f1ola de Pasajes, en el Pa\u00eds Vasco, hizo una gran carrera de modista y creador de\u00a0<strong>perfumes\u00a0<\/strong>sobre todo en Francia.<\/p>\n\n\n\n<blockquote class=\"wp-block-quote is-layout-flow wp-block-quote-is-layout-flow\"><p>\u201c<strong>Fue una de las figuras m\u00e1s trascendentes del siglo XX<\/strong>\u201d, se\u00f1al\u00f3 la marca, que agreg\u00f3 que \u201csu huella se mantendr\u00e1 como fuente de inspiraci\u00f3n constante\u201d.<\/p><\/blockquote>\n\n\n\n<p>Paco Rabanne falleci\u00f3 en su casa al borde del mar que pose\u00eda en el\u00a0<strong>Finisterre franc\u00e9s<\/strong>, donde se refugi\u00f3 junto a su familia en febrero de 1939.<\/p>\n\n\n\n<p><strong>Hijo de un republicano fusilado por el franquismo<\/strong>, Rabanne se form\u00f3 con\u00a0<strong>Balenciaga<\/strong>, otro modisto vasco asentado en Par\u00eds.<\/p>\n\n\n\n<blockquote class=\"wp-block-quote is-layout-flow wp-block-quote-is-layout-flow\"><p>\u201d<strong>No todo el mundo puede ser una estrella. Hay que ser muy listo<\/strong>\u00a0(&#8230;) Lo esencial es que hablen de ti, diferenciarse de los otros. No copiar nunca\u201d, aseguraba.<\/p><\/blockquote>\n\n\n\n<p>Rabanne gan\u00f3&nbsp;<strong>fama mundial en los a\u00f1os 60<\/strong>&nbsp;con estilismos met\u00e1licos (aluminio sobre todo) o de pl\u00e1stico, dentro de una concepci\u00f3n totalmente vanguardista de la moda que se sumaba a s\u00ed a los avances tecnol\u00f3gicos o a la era espacial.<\/p>\n\n\n\n<p>De esa \u00e9poca destacan el vestido de placas de metal que la cantante francesa<strong>\u00a0Fran\u00e7oise Hardy<\/strong>\u00a0hizo famoso en 1968, los exuberantes trajes que la actriz<strong>\u00a0Jane Fonda<\/strong>\u00a0luci\u00f3 en la pel\u00edcula de ciencia ficci\u00f3n \u201c<strong>Barbarella<\/strong>\u201d (1967) o varias colecciones \u201c<strong>todo de pl\u00e1stico<\/strong>\u201d de 1967 y 1968.<\/p>\n\n\n\n<figure class=\"wp-block-gallery columns-3 is-cropped wp-block-gallery-1 is-layout-flex wp-block-gallery-is-layout-flex\"><ul class=\"blocks-gallery-grid\"><li class=\"blocks-gallery-item\"><figure><img loading=\"lazy\" decoding=\"async\" width=\"750\" height=\"999\" src=\"https:\/\/nvnoticias.mx\/wp-content\/uploads\/2023\/02\/20230203_103508.jpg\" alt=\"\" data-id=\"92895\" data-full-url=\"https:\/\/nvnoticias.mx\/wp-content\/uploads\/2023\/02\/20230203_103508.jpg\" data-link=\"https:\/\/nvnoticias.mx\/?attachment_id=92895\" class=\"wp-image-92895\" srcset=\"https:\/\/nvnoticias.mx\/wp-content\/uploads\/2023\/02\/20230203_103508.jpg 750w, https:\/\/nvnoticias.mx\/wp-content\/uploads\/2023\/02\/20230203_103508-225x300.jpg 225w\" sizes=\"auto, (max-width: 750px) 100vw, 750px\" \/><\/figure><\/li><li class=\"blocks-gallery-item\"><figure><img loading=\"lazy\" decoding=\"async\" width=\"750\" height=\"899\" src=\"https:\/\/nvnoticias.mx\/wp-content\/uploads\/2023\/02\/20230203_103502.jpg\" alt=\"\" data-id=\"92897\" data-full-url=\"https:\/\/nvnoticias.mx\/wp-content\/uploads\/2023\/02\/20230203_103502.jpg\" data-link=\"https:\/\/nvnoticias.mx\/?attachment_id=92897\" class=\"wp-image-92897\" srcset=\"https:\/\/nvnoticias.mx\/wp-content\/uploads\/2023\/02\/20230203_103502.jpg 750w, https:\/\/nvnoticias.mx\/wp-content\/uploads\/2023\/02\/20230203_103502-250x300.jpg 250w\" sizes=\"auto, (max-width: 750px) 100vw, 750px\" \/><\/figure><\/li><li class=\"blocks-gallery-item\"><figure><img loading=\"lazy\" decoding=\"async\" width=\"1024\" height=\"967\" src=\"https:\/\/nvnoticias.mx\/wp-content\/uploads\/2023\/02\/20230203_103506-1024x967.jpg\" alt=\"\" data-id=\"92896\" data-full-url=\"https:\/\/nvnoticias.mx\/wp-content\/uploads\/2023\/02\/20230203_103506.jpg\" data-link=\"https:\/\/nvnoticias.mx\/?attachment_id=92896\" class=\"wp-image-92896\" srcset=\"https:\/\/nvnoticias.mx\/wp-content\/uploads\/2023\/02\/20230203_103506-1024x967.jpg 1024w, https:\/\/nvnoticias.mx\/wp-content\/uploads\/2023\/02\/20230203_103506-300x283.jpg 300w, https:\/\/nvnoticias.mx\/wp-content\/uploads\/2023\/02\/20230203_103506-768x725.jpg 768w, https:\/\/nvnoticias.mx\/wp-content\/uploads\/2023\/02\/20230203_103506.jpg 1280w\" sizes=\"auto, (max-width: 1024px) 100vw, 1024px\" \/><\/figure><\/li><li class=\"blocks-gallery-item\"><figure><img loading=\"lazy\" decoding=\"async\" width=\"1015\" height=\"687\" src=\"https:\/\/nvnoticias.mx\/wp-content\/uploads\/2023\/02\/20230203_103416.jpg\" alt=\"\" data-id=\"92893\" data-full-url=\"https:\/\/nvnoticias.mx\/wp-content\/uploads\/2023\/02\/20230203_103416.jpg\" data-link=\"https:\/\/nvnoticias.mx\/?attachment_id=92893\" class=\"wp-image-92893\" srcset=\"https:\/\/nvnoticias.mx\/wp-content\/uploads\/2023\/02\/20230203_103416.jpg 1015w, https:\/\/nvnoticias.mx\/wp-content\/uploads\/2023\/02\/20230203_103416-300x203.jpg 300w, https:\/\/nvnoticias.mx\/wp-content\/uploads\/2023\/02\/20230203_103416-768x520.jpg 768w\" sizes=\"auto, (max-width: 1015px) 100vw, 1015px\" \/><\/figure><\/li><\/ul><\/figure>\n\n\n\n<p>A finales de los a\u00f1os 60 fue cuando comenz\u00f3 la colaboraci\u00f3n entre el dise\u00f1ador y la compa\u00f1\u00eda de moda y belleza&nbsp;<strong>Puig<\/strong>, que finalmente adquiri\u00f3 la firma en 1986.<\/p>\n\n\n\n<blockquote class=\"wp-block-quote is-layout-flow wp-block-quote-is-layout-flow\"><p>\u201d<strong>Paco Rabanne hizo magn\u00e9tica la transgresi\u00f3n<\/strong>\u201d, afirm\u00f3 en una nota Jos\u00e9 Manuel Albesa, presidente de la divisi\u00f3n Beauty and Fashion de Puig.<\/p><\/blockquote>\n\n\n\n<p>Tambi\u00e9n se pregunt\u00f3 \u201c\u00bf<strong>qui\u00e9n m\u00e1s podr\u00eda inducir a las elegantes mujeres parisinas al clamor por vestidos hechos de pl\u00e1stico y metal<\/strong>? \u00bfQui\u00e9n sino Paco Rabanne podr\u00eda imaginar una fragancia llamada&nbsp;<strong>Calandre&nbsp;<\/strong>(cuyo significado es \u2018parrilla de autom\u00f3vil\u2019) y convertirla en un icono de la feminidad moderna?\u201d.<\/p>\n\n\n\n<blockquote class=\"wp-block-quote is-layout-flow wp-block-quote-is-layout-flow\"><p>\u201dEse esp\u00edritu radical y rebelde lo distingue: solo hay un Rabanne\u201d, subray\u00f3.<\/p><\/blockquote>\n\n\n\n<p>Exc\u00e9ntrico hasta el final, en los \u00faltimos a\u00f1os se alej\u00f3 de los medios de comunicaci\u00f3n y se centr\u00f3 en una vida sencilla en Breta\u00f1a.<\/p>\n\n\n\n<p>Fuente: El Financiero <\/p>\n","protected":false},"excerpt":{"rendered":"<p>El dise\u00f1ador franco-espa\u00f1ol\u00a0Paco Rabanne\u00a0ha fallecido a los 88 a\u00f1os en su domicilio de Portstall, en el noroeste de\u00a0Francia, confirmaron fuentes de la firma de moda que fund\u00f3. Francisco Rabaneda y Cuervo, nacido el 18 de febrero de 1934 en la localidad espa\u00f1ola de Pasajes, en el Pa\u00eds Vasco, hizo una gran carrera de modista y [&hellip;]<\/p>\n","protected":false},"author":35,"featured_media":92889,"comment_status":"open","ping_status":"open","sticky":false,"template":"","format":"standard","meta":{"_monsterinsights_skip_tracking":false,"_monsterinsights_sitenote_active":false,"_monsterinsights_sitenote_note":"","_monsterinsights_sitenote_category":0,"footnotes":""},"categories":[576],"tags":[22955,9209,2306,22954,22956],"class_list":["post-92886","post","type-post","status-publish","format-standard","has-post-thumbnail","hentry","category-ocio","tag-aclamado","tag-disenador","tag-fallece","tag-paco-rabanne","tag-perfumista","wp-image-borders"],"amp_enabled":true,"_links":{"self":[{"href":"https:\/\/nvnoticias.mx\/index.php\/wp-json\/wp\/v2\/posts\/92886","targetHints":{"allow":["GET"]}}],"collection":[{"href":"https:\/\/nvnoticias.mx\/index.php\/wp-json\/wp\/v2\/posts"}],"about":[{"href":"https:\/\/nvnoticias.mx\/index.php\/wp-json\/wp\/v2\/types\/post"}],"author":[{"embeddable":true,"href":"https:\/\/nvnoticias.mx\/index.php\/wp-json\/wp\/v2\/users\/35"}],"replies":[{"embeddable":true,"href":"https:\/\/nvnoticias.mx\/index.php\/wp-json\/wp\/v2\/comments?post=92886"}],"version-history":[{"count":8,"href":"https:\/\/nvnoticias.mx\/index.php\/wp-json\/wp\/v2\/posts\/92886\/revisions"}],"predecessor-version":[{"id":92900,"href":"https:\/\/nvnoticias.mx\/index.php\/wp-json\/wp\/v2\/posts\/92886\/revisions\/92900"}],"wp:featuredmedia":[{"embeddable":true,"href":"https:\/\/nvnoticias.mx\/index.php\/wp-json\/wp\/v2\/media\/92889"}],"wp:attachment":[{"href":"https:\/\/nvnoticias.mx\/index.php\/wp-json\/wp\/v2\/media?parent=92886"}],"wp:term":[{"taxonomy":"category","embeddable":true,"href":"https:\/\/nvnoticias.mx\/index.php\/wp-json\/wp\/v2\/categories?post=92886"},{"taxonomy":"post_tag","embeddable":true,"href":"https:\/\/nvnoticias.mx\/index.php\/wp-json\/wp\/v2\/tags?post=92886"}],"curies":[{"name":"wp","href":"https:\/\/api.w.org\/{rel}","templated":true}]}}