{"id":92797,"date":"2023-02-02T16:26:26","date_gmt":"2023-02-02T22:26:26","guid":{"rendered":"https:\/\/nvnoticias.mx\/?p=92797"},"modified":"2023-02-02T16:26:27","modified_gmt":"2023-02-02T22:26:27","slug":"pide-norona-remover-a-creel-de-la-presidencia-de-diputados-por-tema-de-militares-armados","status":"publish","type":"post","link":"https:\/\/nvnoticias.mx\/index.php\/2023\/02\/02\/pide-norona-remover-a-creel-de-la-presidencia-de-diputados-por-tema-de-militares-armados\/","title":{"rendered":"Pide Noro\u00f1a remover a Creel de la presidencia de Diputados por tema de militares armados"},"content":{"rendered":"\n<p>El diputado Gerardo Fern\u00e1ndez Noro\u00f1a pidi\u00f3 remover a Santiago Creel de la presidencia de la Mesa Directiva de la C\u00e1mara de Diputados por lo acontecido ayer en la instalaci\u00f3n del Congreso General al no permitir la entrada de los militares armados al Pleno de Sesiones.<\/p>\n\n\n\n<p>El legislador critic\u00f3 que el panista no haya consultado a la Jucopo la decisi\u00f3n que tom\u00f3, y se\u00f1al\u00f3 que no se puede invitar a la escolta de las Fuerzas Armadas, pero sin armas. Tambi\u00e9n lo acus\u00f3 de haberle negado usar la palabra ayer durante la sesi\u00f3n.<\/p>\n\n\n\n<blockquote class=\"wp-block-quote is-layout-flow wp-block-quote-is-layout-flow\"><p>\u201cPor todas estas razones, insistiendo que no tiene ning\u00fan car\u00e1cter personal, pido a este Pleno la remoci\u00f3n del presidente de la C\u00e1mara de Diputados. Me parece que no es el comportamiento que debe tener quien preside la C\u00e1mara y que lo toquemos en la Junta de Coordinaci\u00f3n Pol\u00edtica (Jucopo) y que lo presentemos la discusi\u00f3n formal en el Pleno\u201d, dijo al iniciar la sesi\u00f3n hoy.<\/p><\/blockquote>\n\n\n\n<p>Mientras, la diputada Mar\u00eda Guadalupe Chavira le dijo a Santiago Creel que no es dem\u00f3crata, por lo que se\u00f1al\u00f3 que no hay garant\u00eda de su imparcialidad y por ello no pod\u00eda seguir al frente de la Mesa Directiva.<\/p>\n\n\n\n<blockquote class=\"wp-block-quote is-layout-flow wp-block-quote-is-layout-flow\"><p>\u201cNo hay garant\u00eda de tu imparcialidad y no podemos garantizar que se traduzca en tener gobernabilidad en las decisiones, as\u00ed que, te exigimos que revises en tu conciencia, no puedes seguir al frente de la Mesa Directiva, porque no garantizas el criterio de imparcialidad y por eso, act\u00faa en consecuencia, diputado Santiago Creel\u201d, dijo la legisladora de Morena.<\/p><\/blockquote>\n\n\n\n<p>El coordinador de Movimiento Ciudadano, Jorge \u00c1lvarez M\u00e1ynez, no respald\u00f3 remover a Santiago Creel de la presidencia de la C\u00e1mara de Diputados, pero lo se\u00f1al\u00f3 de ser el responsable de que ingresaran los militares armados a San L\u00e1zaro.<\/p>\n\n\n\n<blockquote class=\"wp-block-quote is-layout-flow wp-block-quote-is-layout-flow\"><p>\u201c\u00bfA qui\u00e9n le corresponde que no ingrese personas armadas al recinto legislativo? A la presidencia de la Mesa Directiva. \u00bfA qui\u00e9n le corresponder organizar el protocolo con lo que aperturamos los periodos ordinarios de sesiones? (\u2026) \u00bfPor qu\u00e9 prever, como presidente de la Mesa Directiva, un protocolo civil?\u201d, cuestion\u00f3 el diputado.<\/p><\/blockquote>\n\n\n\n<p>A lo que Santiago Creel respondi\u00f3 que sum\u00eda los errores que se hayan cometido en la instalaci\u00f3n del Congreso General y asever\u00f3 que tomar\u00e1 en cuenta cada se\u00f1alamiento que le hicieron en la sesi\u00f3n.<\/p>\n\n\n\n<p>Fuente: <a href=\"https:\/\/www.forbes.com.mx\/norona-pide-remover-a-creel-de-la-presidencia-de-diputados-por-tema-de-militares-armados\/\" data-type=\"URL\" data-id=\"https:\/\/www.forbes.com.mx\/norona-pide-remover-a-creel-de-la-presidencia-de-diputados-por-tema-de-militares-armados\/\">Forbes<\/a><\/p>\n","protected":false},"excerpt":{"rendered":"<p>El diputado Gerardo Fern\u00e1ndez Noro\u00f1a pidi\u00f3 remover a Santiago Creel de la presidencia de la Mesa Directiva de la C\u00e1mara de Diputados por lo acontecido ayer en la instalaci\u00f3n del Congreso General al no permitir la entrada de los militares armados al Pleno de Sesiones. El legislador critic\u00f3 que el panista no haya consultado a [&hellip;]<\/p>\n","protected":false},"author":35,"featured_media":92798,"comment_status":"open","ping_status":"open","sticky":false,"template":"","format":"standard","meta":{"_monsterinsights_skip_tracking":false,"_monsterinsights_sitenote_active":false,"_monsterinsights_sitenote_note":"","_monsterinsights_sitenote_category":0,"footnotes":""},"categories":[158],"tags":[11611,566,8970,1604,9741,1058,7792,1047],"class_list":["post-92797","post","type-post","status-publish","format-standard","has-post-thumbnail","hentry","category-politica","tag-armados","tag-diputados","tag-gerardo-fernandez-norona","tag-militares","tag-pide","tag-presidencia","tag-remover","tag-santiago-creel","wp-image-borders"],"amp_enabled":true,"_links":{"self":[{"href":"https:\/\/nvnoticias.mx\/index.php\/wp-json\/wp\/v2\/posts\/92797","targetHints":{"allow":["GET"]}}],"collection":[{"href":"https:\/\/nvnoticias.mx\/index.php\/wp-json\/wp\/v2\/posts"}],"about":[{"href":"https:\/\/nvnoticias.mx\/index.php\/wp-json\/wp\/v2\/types\/post"}],"author":[{"embeddable":true,"href":"https:\/\/nvnoticias.mx\/index.php\/wp-json\/wp\/v2\/users\/35"}],"replies":[{"embeddable":true,"href":"https:\/\/nvnoticias.mx\/index.php\/wp-json\/wp\/v2\/comments?post=92797"}],"version-history":[{"count":1,"href":"https:\/\/nvnoticias.mx\/index.php\/wp-json\/wp\/v2\/posts\/92797\/revisions"}],"predecessor-version":[{"id":92799,"href":"https:\/\/nvnoticias.mx\/index.php\/wp-json\/wp\/v2\/posts\/92797\/revisions\/92799"}],"wp:featuredmedia":[{"embeddable":true,"href":"https:\/\/nvnoticias.mx\/index.php\/wp-json\/wp\/v2\/media\/92798"}],"wp:attachment":[{"href":"https:\/\/nvnoticias.mx\/index.php\/wp-json\/wp\/v2\/media?parent=92797"}],"wp:term":[{"taxonomy":"category","embeddable":true,"href":"https:\/\/nvnoticias.mx\/index.php\/wp-json\/wp\/v2\/categories?post=92797"},{"taxonomy":"post_tag","embeddable":true,"href":"https:\/\/nvnoticias.mx\/index.php\/wp-json\/wp\/v2\/tags?post=92797"}],"curies":[{"name":"wp","href":"https:\/\/api.w.org\/{rel}","templated":true}]}}