{"id":9269,"date":"2021-03-29T10:46:48","date_gmt":"2021-03-29T16:46:48","guid":{"rendered":"https:\/\/nvnoticias.mx\/?p=9269"},"modified":"2021-03-29T10:46:50","modified_gmt":"2021-03-29T16:46:50","slug":"inicia-jornada-de-vacunacion-anticovid-en-coatzacoalcos","status":"publish","type":"post","link":"https:\/\/nvnoticias.mx\/index.php\/2021\/03\/29\/inicia-jornada-de-vacunacion-anticovid-en-coatzacoalcos\/","title":{"rendered":"Inicia jornada de vacunaci\u00f3n anticovid en Coatzacoalcos"},"content":{"rendered":"\n<p><strong>Julio Escobar<\/strong> <strong>\/ NV Noticias<\/strong><\/p>\n\n\n\n<p>Coatzacoalcos.- Con largas filas de espera, en punto de la 8:00 horas de este lunes arranc\u00f3 la jornada de vacunaci\u00f3n contra el covid-19 para los adultos mayores de Coatzacoalcos.<\/p>\n\n\n\n<p>Desde un d\u00eda antes, familiares de los abuelitos acudieron a los m\u00f3dulos de vacunaci\u00f3n ubicados en la explanada de la Expo Feria, el gimnasio de Margarita Maza de Ju\u00e1rez, las instalaciones del Instituto Tecnol\u00f3gico Superior de Coatzacoalcos, el parque de la Alameda, el domo central de Villa Allende y la congregaci\u00f3n de Mundo Nuevo, para ser los primeros en inmunizarse.<\/p>\n\n\n\n<p>Fueron los se\u00f1ores Enrique Antonio Luna y su esposa Zoila Ramos de Antonio, los primeros en recibir la dosis en el gimnasio Margarita Maza de Ju\u00e1rez, quienes se formaron desde las 4:00 de la tarde del domingo para esperar el inicio de la jornada.<\/p>\n\n\n\n<blockquote class=\"wp-block-quote is-layout-flow wp-block-quote-is-layout-flow\"><p>\u201cGracias a dios ya nos vacunaron, todos muy ganables, pero a seguirnos cuidando, vine con mi esposo, mis hijos se formaron desde ayer, estamos contentos, aunque no es una garant\u00eda de vida, pero cuando menos nos evita un poco la pandemia\u201d, narraron.<\/p><\/blockquote>\n\n\n\n<figure class=\"wp-block-image size-large\"><img loading=\"lazy\" decoding=\"async\" width=\"1024\" height=\"766\" src=\"https:\/\/nvnoticias.mx\/wp-content\/uploads\/2021\/03\/WhatsApp-Image-2021-03-29-at-10.34.16-AM-1024x766.jpeg\" alt=\"\" class=\"wp-image-9270\" srcset=\"https:\/\/nvnoticias.mx\/wp-content\/uploads\/2021\/03\/WhatsApp-Image-2021-03-29-at-10.34.16-AM-1024x766.jpeg 1024w, https:\/\/nvnoticias.mx\/wp-content\/uploads\/2021\/03\/WhatsApp-Image-2021-03-29-at-10.34.16-AM-300x225.jpeg 300w, https:\/\/nvnoticias.mx\/wp-content\/uploads\/2021\/03\/WhatsApp-Image-2021-03-29-at-10.34.16-AM-768x575.jpeg 768w, https:\/\/nvnoticias.mx\/wp-content\/uploads\/2021\/03\/WhatsApp-Image-2021-03-29-at-10.34.16-AM.jpeg 1280w\" sizes=\"auto, (max-width: 1024px) 100vw, 1024px\" \/><figcaption>Enrique Antonio Luna y su esposa Zoila Ramos de Antonio. \/ Foto: Julio Escobar<\/figcaption><\/figure>\n\n\n\n<p>De igual forma Fernando Hern\u00e1ndez de 73 a\u00f1os de la colonia Rafael Hern\u00e1ndez Ochoa, fue uno de los primeros en recibir la dosis en el m\u00f3dulo ubicado en la explanada de la Expo Feria, quien se dijo haberse formado desde las 5:00 de la tarde del d\u00eda anterior y tras ser inmunizado se mostr\u00f3 contento y agradecido porque hasta el momento no se ha enfermado de Covid19.<\/p>\n\n\n\n<blockquote class=\"wp-block-quote is-layout-flow wp-block-quote-is-layout-flow\"><p>\u201cYo llegu\u00e9 a las 5:00 a la tarde, viene con mi nieto, con mi esposa y otra hija, no nos turnamos, yo me qued\u00e9 nada m\u00e1s con mi hija, me sent\u00ed bien, no me doli\u00f3 nada, despu\u00e9s que me vacunaron me sentaron media hora para ver alguna reacci\u00f3n y ahorita ya me retiro, esper\u00e1bamos con ansias la vacuna porque si est\u00e1 dura la cosa\u201d, coment\u00f3.<\/p><\/blockquote>\n\n\n\n<p>El m\u00f3dulo est\u00e1 dividido en tres bloques; el del registro, aplicaci\u00f3n de vacuna y espera post vacuna; donde los abuelitos tienen que permanecer 30 minutos sentados para ver si no tienen alg\u00fan tipo de reacci\u00f3n, posteriormente se retiran a su casa.<\/p>\n\n\n\n<p>En la unidad solo entra el adulto mayor sin el familia por prevenci\u00f3n y como parte del protocolo de la jornada.<\/p>\n\n\n\n<p>Cabe mencionar que de acuerdo al orden alfab\u00e9tico este lunes fueron vacunados los abuelitos que sus apellidos inicien con la letra \u201cA\u201d hasta la \u201cI\u201d.<\/p>\n\n\n\n<p>Hasta el momento todo transcurre con calma y sin contratiempos, se espera que m\u00e1s de 40 mil adultos mayores de Coatzacoalcos u sus ejidos sean vacunados.<\/p>\n","protected":false},"excerpt":{"rendered":"<p>Julio Escobar \/ NV Noticias Coatzacoalcos.- Con largas filas de espera, en punto de la 8:00 horas de este lunes arranc\u00f3 la jornada de vacunaci\u00f3n contra el covid-19 para los adultos mayores de Coatzacoalcos. Desde un d\u00eda antes, familiares de los abuelitos acudieron a los m\u00f3dulos de vacunaci\u00f3n ubicados en la explanada de la Expo [&hellip;]<\/p>\n","protected":false},"author":6,"featured_media":9273,"comment_status":"open","ping_status":"open","sticky":false,"template":"","format":"standard","meta":{"_monsterinsights_skip_tracking":false,"_monsterinsights_sitenote_active":false,"_monsterinsights_sitenote_note":"","_monsterinsights_sitenote_category":0,"footnotes":""},"categories":[156],"tags":[1390,1842,504,162,809],"class_list":["post-9269","post","type-post","status-publish","format-standard","has-post-thumbnail","hentry","category-estado","tag-adultos-mayores","tag-anticovid","tag-coatzacoalcos","tag-portada","tag-vacunacion","wp-image-borders"],"amp_enabled":true,"_links":{"self":[{"href":"https:\/\/nvnoticias.mx\/index.php\/wp-json\/wp\/v2\/posts\/9269","targetHints":{"allow":["GET"]}}],"collection":[{"href":"https:\/\/nvnoticias.mx\/index.php\/wp-json\/wp\/v2\/posts"}],"about":[{"href":"https:\/\/nvnoticias.mx\/index.php\/wp-json\/wp\/v2\/types\/post"}],"author":[{"embeddable":true,"href":"https:\/\/nvnoticias.mx\/index.php\/wp-json\/wp\/v2\/users\/6"}],"replies":[{"embeddable":true,"href":"https:\/\/nvnoticias.mx\/index.php\/wp-json\/wp\/v2\/comments?post=9269"}],"version-history":[{"count":1,"href":"https:\/\/nvnoticias.mx\/index.php\/wp-json\/wp\/v2\/posts\/9269\/revisions"}],"predecessor-version":[{"id":9274,"href":"https:\/\/nvnoticias.mx\/index.php\/wp-json\/wp\/v2\/posts\/9269\/revisions\/9274"}],"wp:featuredmedia":[{"embeddable":true,"href":"https:\/\/nvnoticias.mx\/index.php\/wp-json\/wp\/v2\/media\/9273"}],"wp:attachment":[{"href":"https:\/\/nvnoticias.mx\/index.php\/wp-json\/wp\/v2\/media?parent=9269"}],"wp:term":[{"taxonomy":"category","embeddable":true,"href":"https:\/\/nvnoticias.mx\/index.php\/wp-json\/wp\/v2\/categories?post=9269"},{"taxonomy":"post_tag","embeddable":true,"href":"https:\/\/nvnoticias.mx\/index.php\/wp-json\/wp\/v2\/tags?post=9269"}],"curies":[{"name":"wp","href":"https:\/\/api.w.org\/{rel}","templated":true}]}}