{"id":92622,"date":"2023-02-01T14:09:20","date_gmt":"2023-02-01T20:09:20","guid":{"rendered":"https:\/\/nvnoticias.mx\/?p=92622"},"modified":"2023-02-01T14:09:20","modified_gmt":"2023-02-01T20:09:20","slug":"piden-jubilados-pagos-del-seguro-de-vida-y-mejor-atencion-medica","status":"publish","type":"post","link":"https:\/\/nvnoticias.mx\/index.php\/2023\/02\/01\/piden-jubilados-pagos-del-seguro-de-vida-y-mejor-atencion-medica\/","title":{"rendered":"Piden jubilados pagos del seguro de vida y mejor atenci\u00f3n m\u00e9dica"},"content":{"rendered":"\n<p><strong>Jes\u00fas Utrilla \/ NV Noticias<\/strong><\/p>\n\n\n\n<p>Jubilados de la Secci\u00f3n 56 del&nbsp;Sindicato Nacional de Trabajadores de la Educaci\u00f3n (SNTE) solicitaron que se salden los pendientes del pago del seguro de vida y tambi\u00e9n que les mejoren servicio de salud, mismo que reciben a trav\u00e9s del Instituto Mexicano del Seguro Social.<\/p>\n\n\n\n<p>\u00c1ngel Dom\u00ednguez Gonz\u00e1lez, de la Delegaci\u00f3n D41, explic\u00f3 que enfrentan adeudos del seguro de vida y conf\u00edan en que pronto se solventen los adeudos. Pese a ello el maestro jubilado afirm\u00f3 que mes con mes reciben el pago de la pensi\u00f3n.<\/p>\n\n\n\n<blockquote class=\"wp-block-quote is-layout-flow wp-block-quote-is-layout-flow\"><p>\u201c<em>Hace tiempo nos quej\u00e1bamos y quer\u00edamos hacer marchas y fue una herencia que nos dej\u00f3 el exgobernador Javier Duarte<\/em>\u201d.\u00a0<\/p><\/blockquote>\n\n\n\n<p>Tambi\u00e9n consider\u00f3 que falta mejor atenci\u00f3n del personal del IMSS y que les surtan las recetas completas.<\/p>\n\n\n\n<blockquote class=\"wp-block-quote is-layout-flow wp-block-quote-is-layout-flow\"><p>\u201c<em>Los compa\u00f1eros que reciben atenci\u00f3n m\u00e9dica deben levantarse muy temprano y la atenci\u00f3n no es la que deben darle a una persona avanzada de edad. Ojal\u00e1 el IMSS pudiera dar otra mec\u00e1nica para mejorar el servicio de nuestros jubilados. Necesitamos una atenci\u00f3n pronta y eficaz y que el trato sea amable<\/em>\u201d.<\/p><\/blockquote>\n\n\n\n<p>\u00c1ngel Dom\u00ednguez Gonz\u00e1lez participa por la Secretar\u00eda General de la Delegaci\u00f3n D41 de la Secci\u00f3n 56 del&nbsp;Sindicato Nacional de Trabajadores de la Educaci\u00f3n (SNTE) en Veracruz. La elecci\u00f3n ser\u00e1 el 8 de febrero en las instalaciones que tiene la Secci\u00f3n 32 en el Fraccionamiento Floresta.<\/p>\n","protected":false},"excerpt":{"rendered":"<p>Jes\u00fas Utrilla \/ NV Noticias Jubilados de la Secci\u00f3n 56 del&nbsp;Sindicato Nacional de Trabajadores de la Educaci\u00f3n (SNTE) solicitaron que se salden los pendientes del pago del seguro de vida y tambi\u00e9n que les mejoren servicio de salud, mismo que reciben a trav\u00e9s del Instituto Mexicano del Seguro Social. \u00c1ngel Dom\u00ednguez Gonz\u00e1lez, de la Delegaci\u00f3n [&hellip;]<\/p>\n","protected":false},"author":8,"featured_media":92623,"comment_status":"open","ping_status":"open","sticky":false,"template":"","format":"standard","meta":{"_monsterinsights_skip_tracking":false,"_monsterinsights_sitenote_active":false,"_monsterinsights_sitenote_note":"","_monsterinsights_sitenote_category":0,"footnotes":""},"categories":[154],"tags":[1970,871],"class_list":["post-92622","post","type-post","status-publish","format-standard","has-post-thumbnail","hentry","category-veracruz","tag-jubilados","tag-pagos","wp-image-borders"],"amp_enabled":true,"_links":{"self":[{"href":"https:\/\/nvnoticias.mx\/index.php\/wp-json\/wp\/v2\/posts\/92622","targetHints":{"allow":["GET"]}}],"collection":[{"href":"https:\/\/nvnoticias.mx\/index.php\/wp-json\/wp\/v2\/posts"}],"about":[{"href":"https:\/\/nvnoticias.mx\/index.php\/wp-json\/wp\/v2\/types\/post"}],"author":[{"embeddable":true,"href":"https:\/\/nvnoticias.mx\/index.php\/wp-json\/wp\/v2\/users\/8"}],"replies":[{"embeddable":true,"href":"https:\/\/nvnoticias.mx\/index.php\/wp-json\/wp\/v2\/comments?post=92622"}],"version-history":[{"count":1,"href":"https:\/\/nvnoticias.mx\/index.php\/wp-json\/wp\/v2\/posts\/92622\/revisions"}],"predecessor-version":[{"id":92624,"href":"https:\/\/nvnoticias.mx\/index.php\/wp-json\/wp\/v2\/posts\/92622\/revisions\/92624"}],"wp:featuredmedia":[{"embeddable":true,"href":"https:\/\/nvnoticias.mx\/index.php\/wp-json\/wp\/v2\/media\/92623"}],"wp:attachment":[{"href":"https:\/\/nvnoticias.mx\/index.php\/wp-json\/wp\/v2\/media?parent=92622"}],"wp:term":[{"taxonomy":"category","embeddable":true,"href":"https:\/\/nvnoticias.mx\/index.php\/wp-json\/wp\/v2\/categories?post=92622"},{"taxonomy":"post_tag","embeddable":true,"href":"https:\/\/nvnoticias.mx\/index.php\/wp-json\/wp\/v2\/tags?post=92622"}],"curies":[{"name":"wp","href":"https:\/\/api.w.org\/{rel}","templated":true}]}}