{"id":9262,"date":"2021-03-29T12:34:46","date_gmt":"2021-03-29T18:34:46","guid":{"rendered":"https:\/\/nvnoticias.mx\/?p=9262"},"modified":"2021-03-29T12:34:47","modified_gmt":"2021-03-29T18:34:47","slug":"la-federacion-mexicana-en-contra-del-racismo","status":"publish","type":"post","link":"https:\/\/nvnoticias.mx\/index.php\/2021\/03\/29\/la-federacion-mexicana-en-contra-del-racismo\/","title":{"rendered":"\u00a1La Federaci\u00f3n Mexicana en contra del racismo!"},"content":{"rendered":"\n<p>La Federaci\u00f3n Mexicana del Futbol (<strong>FMF<\/strong>) toc\u00f3 el tema de <strong>actos racistas <\/strong>contra Gales por el cual <strong>se vieron afectados dos de los jugadores<\/strong>. Por medio de las redes sociales, aclararon que <strong>rechazan totalmente y enf\u00e1ticamente est\u00e9 tipo de actos<\/strong> que resultan en conductas discriminatorias.<\/p>\n\n\n\n<p>Esta problem\u00e1tica de discriminaci\u00f3n <strong>se dio momentos despu\u00e9s de haber finalizado el partido contra la Selecci\u00f3n Nacional<\/strong>. <\/p>\n\n\n\n<figure class=\"wp-block-embed is-type-rich is-provider-twitter wp-block-embed-twitter\"><div class=\"wp-block-embed__wrapper\">\n<blockquote class=\"twitter-tweet\" data-width=\"550\" data-dnt=\"true\"><p lang=\"es\" dir=\"ltr\">\u00a1Juguemos limpio!<br><br>En la Federaci\u00f3n Mexicana de F\u00fatbol rechazamos enf\u00e1ticamente todo acto o conducta discriminatoria y nos unimos a la <a href=\"https:\/\/twitter.com\/FAWales?ref_src=twsrc%5Etfw\">@FAWales<\/a> haciendo un llamado a todos los involucrados a tomar medidas efectivas en contra de este tipo de manifestaciones.<a href=\"https:\/\/twitter.com\/hashtag\/FMFporNuestroF%C3%BAtbol?src=hash&amp;ref_src=twsrc%5Etfw\">#FMFporNuestroF\u00fatbol<\/a> <a href=\"https:\/\/t.co\/JsKMcV9N52\">pic.twitter.com\/JsKMcV9N52<\/a><\/p>&mdash; Federaci\u00f3n Mexicana de F\u00fatbol (@FMF) <a href=\"https:\/\/twitter.com\/FMF\/status\/1376307760405565443?ref_src=twsrc%5Etfw\">March 28, 2021<\/a><\/blockquote><script async src=\"https:\/\/platform.twitter.com\/widgets.js\" charset=\"utf-8\"><\/script>\n<\/div><\/figure>\n\n\n\n<p class=\"has-text-align-right\">Alfredo S\u00e1nchez Jr \/ NV Noticias<\/p>\n\n\n\n<p class=\"has-small-font-size\">Fuente: R\u00e9cord<\/p>\n","protected":false},"excerpt":{"rendered":"<p>La Federaci\u00f3n Mexicana del Futbol (FMF) toc\u00f3 el tema de actos racistas contra Gales por el cual se vieron afectados dos de los jugadores. Por medio de las redes sociales, aclararon que rechazan totalmente y enf\u00e1ticamente est\u00e9 tipo de actos que resultan en conductas discriminatorias. Esta problem\u00e1tica de discriminaci\u00f3n se dio momentos despu\u00e9s de haber [&hellip;]<\/p>\n","protected":false},"author":8,"featured_media":9277,"comment_status":"open","ping_status":"open","sticky":false,"template":"","format":"standard","meta":{"_monsterinsights_skip_tracking":false,"_monsterinsights_sitenote_active":false,"_monsterinsights_sitenote_note":"","_monsterinsights_sitenote_category":0,"footnotes":""},"categories":[159],"tags":[349,2633,402,2634,292,2632],"class_list":["post-9262","post","type-post","status-publish","format-standard","has-post-thumbnail","hentry","category-deportes","tag-alfredo-sanchez-jr","tag-fmf","tag-futbol-2","tag-gales","tag-mexico","tag-racismo","wp-image-borders"],"amp_enabled":true,"_links":{"self":[{"href":"https:\/\/nvnoticias.mx\/index.php\/wp-json\/wp\/v2\/posts\/9262","targetHints":{"allow":["GET"]}}],"collection":[{"href":"https:\/\/nvnoticias.mx\/index.php\/wp-json\/wp\/v2\/posts"}],"about":[{"href":"https:\/\/nvnoticias.mx\/index.php\/wp-json\/wp\/v2\/types\/post"}],"author":[{"embeddable":true,"href":"https:\/\/nvnoticias.mx\/index.php\/wp-json\/wp\/v2\/users\/8"}],"replies":[{"embeddable":true,"href":"https:\/\/nvnoticias.mx\/index.php\/wp-json\/wp\/v2\/comments?post=9262"}],"version-history":[{"count":4,"href":"https:\/\/nvnoticias.mx\/index.php\/wp-json\/wp\/v2\/posts\/9262\/revisions"}],"predecessor-version":[{"id":9299,"href":"https:\/\/nvnoticias.mx\/index.php\/wp-json\/wp\/v2\/posts\/9262\/revisions\/9299"}],"wp:featuredmedia":[{"embeddable":true,"href":"https:\/\/nvnoticias.mx\/index.php\/wp-json\/wp\/v2\/media\/9277"}],"wp:attachment":[{"href":"https:\/\/nvnoticias.mx\/index.php\/wp-json\/wp\/v2\/media?parent=9262"}],"wp:term":[{"taxonomy":"category","embeddable":true,"href":"https:\/\/nvnoticias.mx\/index.php\/wp-json\/wp\/v2\/categories?post=9262"},{"taxonomy":"post_tag","embeddable":true,"href":"https:\/\/nvnoticias.mx\/index.php\/wp-json\/wp\/v2\/tags?post=9262"}],"curies":[{"name":"wp","href":"https:\/\/api.w.org\/{rel}","templated":true}]}}