{"id":92614,"date":"2023-02-01T13:25:42","date_gmt":"2023-02-01T19:25:42","guid":{"rendered":"https:\/\/nvnoticias.mx\/?p=92614"},"modified":"2023-02-01T13:25:42","modified_gmt":"2023-02-01T19:25:42","slug":"pt-defiende-a-rocio-nahle-y-afirma-que-si-contendera-por-el-gobierno-de-veracruz","status":"publish","type":"post","link":"https:\/\/nvnoticias.mx\/index.php\/2023\/02\/01\/pt-defiende-a-rocio-nahle-y-afirma-que-si-contendera-por-el-gobierno-de-veracruz\/","title":{"rendered":"PT defiende a Roc\u00edo Nahle y afirma que s\u00ed contender\u00e1 por el Gobierno de Veracruz"},"content":{"rendered":"\n<p><strong>Jes\u00fas Utrilla \/ NV Noticias<\/strong><\/p>\n\n\n\n<p>Integrantes del Partido del Trabajo, salieron a la defensa de la secretaria de Energ\u00eda, Roc\u00edo Nahle Garc\u00eda y afirmaron que la resoluci\u00f3n de la Suprema Corte de Justicia de la Naci\u00f3n,<br>respecto a la Ley Nahle, no le imposibilita de contender en 2024 por el gobierno del estado de Veracruz.<\/p>\n\n\n\n<p>El diputado local petista Ram\u00f3n D\u00edaz \u00c1vila, explic\u00f3 que desde el criterio de los ministros de la Corte, no es viable poner en los requisitos que para ser candidato o candidata al gobierno estatal el tener hijos nacidos en el estado de Veracruz, que fue la modificaci\u00f3n hecha a nivel estatal.<\/p>\n\n\n\n<p>Afirm\u00f3 que Art\u00edculo 116 de la Constituci\u00f3n federal le permite a cualquier ciudadano con residencia de m\u00e1s de 5 a\u00f1os en cualquier estado poder aspirar a un cargo de elecci\u00f3n de gobernador.<\/p>\n\n\n\n<p>Record\u00f3 que el comunicado de la Suprema Corte de Justicia s\u00f3lo elimina el precepto de tener hijos en el estado de Veracruz porque eso era discriminatorio.<\/p>\n\n\n\n<p>Fue el art\u00edculo 11 de la Constituci\u00f3n del Estado de Veracruz el que se modific\u00f3 el 11 de agosto de 2022, cuando se adicion\u00f3 la fracci\u00f3n tercera, la cual indica que: \u201cSon veracruzanos las o los mexicanos nacidos fuera del territorio del estado, con hijos veracruzanos o con una residencia efectiva de cinco a\u00f1os en territorio veracruzano.<\/p>\n\n\n\n<p>Dijo que si la funcionaria federal tiene una residencia efectiva de 5 a\u00f1os en el estado, es suficiente para aspirar al cargo.<\/p>\n","protected":false},"excerpt":{"rendered":"<p>Jes\u00fas Utrilla \/ NV Noticias Integrantes del Partido del Trabajo, salieron a la defensa de la secretaria de Energ\u00eda, Roc\u00edo Nahle Garc\u00eda y afirmaron que la resoluci\u00f3n de la Suprema Corte de Justicia de la Naci\u00f3n,respecto a la Ley Nahle, no le imposibilita de contender en 2024 por el gobierno del estado de Veracruz. El [&hellip;]<\/p>\n","protected":false},"author":8,"featured_media":26704,"comment_status":"open","ping_status":"open","sticky":false,"template":"","format":"standard","meta":{"_monsterinsights_skip_tracking":false,"_monsterinsights_sitenote_active":false,"_monsterinsights_sitenote_note":"","_monsterinsights_sitenote_category":0,"footnotes":""},"categories":[158],"tags":[345,1594],"class_list":["post-92614","post","type-post","status-publish","format-standard","has-post-thumbnail","hentry","category-politica","tag-pt","tag-rocio-nahle","wp-image-borders"],"amp_enabled":true,"_links":{"self":[{"href":"https:\/\/nvnoticias.mx\/index.php\/wp-json\/wp\/v2\/posts\/92614","targetHints":{"allow":["GET"]}}],"collection":[{"href":"https:\/\/nvnoticias.mx\/index.php\/wp-json\/wp\/v2\/posts"}],"about":[{"href":"https:\/\/nvnoticias.mx\/index.php\/wp-json\/wp\/v2\/types\/post"}],"author":[{"embeddable":true,"href":"https:\/\/nvnoticias.mx\/index.php\/wp-json\/wp\/v2\/users\/8"}],"replies":[{"embeddable":true,"href":"https:\/\/nvnoticias.mx\/index.php\/wp-json\/wp\/v2\/comments?post=92614"}],"version-history":[{"count":1,"href":"https:\/\/nvnoticias.mx\/index.php\/wp-json\/wp\/v2\/posts\/92614\/revisions"}],"predecessor-version":[{"id":92615,"href":"https:\/\/nvnoticias.mx\/index.php\/wp-json\/wp\/v2\/posts\/92614\/revisions\/92615"}],"wp:featuredmedia":[{"embeddable":true,"href":"https:\/\/nvnoticias.mx\/index.php\/wp-json\/wp\/v2\/media\/26704"}],"wp:attachment":[{"href":"https:\/\/nvnoticias.mx\/index.php\/wp-json\/wp\/v2\/media?parent=92614"}],"wp:term":[{"taxonomy":"category","embeddable":true,"href":"https:\/\/nvnoticias.mx\/index.php\/wp-json\/wp\/v2\/categories?post=92614"},{"taxonomy":"post_tag","embeddable":true,"href":"https:\/\/nvnoticias.mx\/index.php\/wp-json\/wp\/v2\/tags?post=92614"}],"curies":[{"name":"wp","href":"https:\/\/api.w.org\/{rel}","templated":true}]}}