{"id":92593,"date":"2023-02-01T12:43:52","date_gmt":"2023-02-01T18:43:52","guid":{"rendered":"https:\/\/nvnoticias.mx\/?p=92593"},"modified":"2023-02-01T12:43:52","modified_gmt":"2023-02-01T18:43:52","slug":"extienden-durante-febrero-los-descuentos-del-pago-del-predial-en-veracruz","status":"publish","type":"post","link":"https:\/\/nvnoticias.mx\/index.php\/2023\/02\/01\/extienden-durante-febrero-los-descuentos-del-pago-del-predial-en-veracruz\/","title":{"rendered":"Extienden durante febrero los descuentos del pago del predial en Veracruz"},"content":{"rendered":"\n<p><strong>Jes\u00fas Utrilla \/ NV Noticias<\/strong><\/p>\n\n\n\n<p>El Ayuntamiento de Veracruz ampli\u00f3 el plazo de los descuentos del pago del predial hasta marzo.<\/p>\n\n\n\n<p>La presidenta municipal Patricia Lobeira Rodr\u00edguez se\u00f1al\u00f3 que contin\u00faa vigente el 20 por ciento de descuento para el p\u00fablico en general y 50 por ciento para sectores vulnerables, es decir, pensionados, jubilados y personas de la tercera edad, personas con discapacidad y madres solteras.<\/p>\n\n\n\n<blockquote class=\"wp-block-quote is-layout-flow wp-block-quote-is-layout-flow\"><p>\u201c<em>Todo febrero estar\u00e1 el 20 por ciento del pago anual anticipado y el 50 por ciento para jubilados, pensionados, madres solteras. Hay mejora en el padr\u00f3n, hemos visto que la gente ha asistido a pagar y ha aprovechado m\u00e1s facilidades de pago<\/em>\u201d.<\/p><\/blockquote>\n\n\n\n<p>Agreg\u00f3 que tan solo en enero se recaudaron 121 millones de pesos, que signific\u00f3 20 millones de pesos m\u00e1s en comparaci\u00f3n al mismo mes del a\u00f1o pasado.<\/p>\n\n\n\n<p>Todo el dinero que ingrese a Tesorer\u00eda se ver\u00e1 reflejado en servicios y m\u00e1s obras.<\/p>\n\n\n\n<p>Com\u00fanmente en enero ingresan entre 5 y 10 millones de pesos por lo que agradecieron a los ciudadanos que ya pagaron. Quienes a\u00fan no cumplen con la obligaci\u00f3n pueden regularizarse y aprovechar el 20 por ciento de descuento que estar\u00e1 vigente hasta marzo para el p\u00fablico en general y 50 por ciento para grupos vulnerables.<\/p>\n\n\n\n<p>Hay diferentes opciones de pago y la gente puede acudir a las oficinas de ingresos en el Edificio Trigueros, o en los kioskos, as\u00ed como en el DIF Municipal de Matamoros y en el portal&nbsp;<a href=\"http:\/\/tesoreriavirtual.veracruzmunicipio.gob.mx\/\" target=\"_blank\" rel=\"noreferrer noopener\">tesoreriavirtual.veracruzmunicipio.gob.mx<\/a>.<\/p>\n\n\n\n<p>Por otro lado, las autoridades municipales llamaron a los porte\u00f1os a estar preparados debido a que el viernes comenzar\u00e1n los efectos del frente fr\u00edo n\u00famero 28 con rachas intensas.<\/p>\n\n\n\n<blockquote class=\"wp-block-quote is-layout-flow wp-block-quote-is-layout-flow\"><p>\u201c<em>Ya estamos listos, el frente fr\u00edo n\u00famero 28 entre el viernes. Ya todas las \u00e1reas del ayuntamiento se est\u00e1n enfocando en checar los \u00e1rboles, luminarias, ventanas para cualquier cosa de que aumenten las rachas estemos preparados ante cualquier cosa que se presente<\/em>\u201d.<\/p><\/blockquote>\n","protected":false},"excerpt":{"rendered":"<p>Jes\u00fas Utrilla \/ NV Noticias El Ayuntamiento de Veracruz ampli\u00f3 el plazo de los descuentos del pago del predial hasta marzo. La presidenta municipal Patricia Lobeira Rodr\u00edguez se\u00f1al\u00f3 que contin\u00faa vigente el 20 por ciento de descuento para el p\u00fablico en general y 50 por ciento para sectores vulnerables, es decir, pensionados, jubilados y personas [&hellip;]<\/p>\n","protected":false},"author":8,"featured_media":92594,"comment_status":"open","ping_status":"open","sticky":false,"template":"","format":"standard","meta":{"_monsterinsights_skip_tracking":false,"_monsterinsights_sitenote_active":false,"_monsterinsights_sitenote_note":"","_monsterinsights_sitenote_category":0,"footnotes":""},"categories":[154],"tags":[2456,1268,180],"class_list":["post-92593","post","type-post","status-publish","format-standard","has-post-thumbnail","hentry","category-veracruz","tag-febrero","tag-predial","tag-veracruz","wp-image-borders"],"amp_enabled":true,"_links":{"self":[{"href":"https:\/\/nvnoticias.mx\/index.php\/wp-json\/wp\/v2\/posts\/92593","targetHints":{"allow":["GET"]}}],"collection":[{"href":"https:\/\/nvnoticias.mx\/index.php\/wp-json\/wp\/v2\/posts"}],"about":[{"href":"https:\/\/nvnoticias.mx\/index.php\/wp-json\/wp\/v2\/types\/post"}],"author":[{"embeddable":true,"href":"https:\/\/nvnoticias.mx\/index.php\/wp-json\/wp\/v2\/users\/8"}],"replies":[{"embeddable":true,"href":"https:\/\/nvnoticias.mx\/index.php\/wp-json\/wp\/v2\/comments?post=92593"}],"version-history":[{"count":1,"href":"https:\/\/nvnoticias.mx\/index.php\/wp-json\/wp\/v2\/posts\/92593\/revisions"}],"predecessor-version":[{"id":92595,"href":"https:\/\/nvnoticias.mx\/index.php\/wp-json\/wp\/v2\/posts\/92593\/revisions\/92595"}],"wp:featuredmedia":[{"embeddable":true,"href":"https:\/\/nvnoticias.mx\/index.php\/wp-json\/wp\/v2\/media\/92594"}],"wp:attachment":[{"href":"https:\/\/nvnoticias.mx\/index.php\/wp-json\/wp\/v2\/media?parent=92593"}],"wp:term":[{"taxonomy":"category","embeddable":true,"href":"https:\/\/nvnoticias.mx\/index.php\/wp-json\/wp\/v2\/categories?post=92593"},{"taxonomy":"post_tag","embeddable":true,"href":"https:\/\/nvnoticias.mx\/index.php\/wp-json\/wp\/v2\/tags?post=92593"}],"curies":[{"name":"wp","href":"https:\/\/api.w.org\/{rel}","templated":true}]}}