{"id":92541,"date":"2023-02-01T10:41:01","date_gmt":"2023-02-01T16:41:01","guid":{"rendered":"https:\/\/nvnoticias.mx\/?p=92541"},"modified":"2023-02-01T10:41:03","modified_gmt":"2023-02-01T16:41:03","slug":"tratara-bm-de-cuantificar-los-costos-para-la-salud-por-la-crisis-climatica","status":"publish","type":"post","link":"https:\/\/nvnoticias.mx\/index.php\/2023\/02\/01\/tratara-bm-de-cuantificar-los-costos-para-la-salud-por-la-crisis-climatica\/","title":{"rendered":"Tratar\u00e1 BM de cuantificar los costos para la salud por la crisis clim\u00e1tica"},"content":{"rendered":"\n<p><strong>El Banco Mundial tratar\u00e1 de contabilizar el costo econ\u00f3mico de los efectos en la salud por la crisis clim\u00e1tica, un proyecto que est\u00e1 siendo acogido \u201ccon muy buena receptividad\u201d&nbsp;<\/strong>por parte de los ministerios de Salud y Finanzas de varios pa\u00edses, asegur\u00f3 a EFE el director de Salud del organismo, Juan Pablo Uribe.<\/p>\n\n\n\n<p>\u201cDebemos conocer mucho mejor, y entender mucho mejor, esa interacci\u00f3n entre cambio clim\u00e1tico y salud\u201d, asegur\u00f3 Uribe durante una entrevista en la que defendi\u00f3 que este paso es fundamental para anticipar los recursos y las inversiones necesarias para hacer frente a la crisis clim\u00e1tica.<\/p>\n\n\n\n<p>El proyecto se encuentra todav\u00eda en un punto de preparaci\u00f3n: se est\u00e1n realizando estudios de caso en distintos pa\u00edses, reforzando al equipo de Salud dentro del Banco y llevando la idea a las conversaciones con los ministerios.<\/p>\n\n\n\n<blockquote class=\"wp-block-quote is-layout-flow wp-block-quote-is-layout-flow\"><p>\u201c<strong>Encuentran que este es un tema prioritario, y sobrepuesto tambi\u00e9n con lo que hemos vivido durante la pandemia<\/strong>\u201c, asegur\u00f3 el exministro de Salud colombiano sobre sus conversaciones con funcionarios.<\/p><\/blockquote>\n\n\n\n<p><strong>En este sentido, Uribe explic\u00f3 que la crisis clim\u00e1tica est\u00e1 relacionada con muchos de los frentes que acechan a los sistemas de salud en los pa\u00edses en desarrollo, en particular tras la crisis del Covid-19<\/strong>, como el riesgo de futuras pandemias, la capacidad de prestar servicios b\u00e1sicos o los problemas de salud mental.<\/p>\n\n\n\n<p><strong>El Banco Mundial es uno de los organismos financieros que m\u00e1s dinero dedica a la adaptaci\u00f3n clim\u00e1tica<\/strong>: el a\u00f1o pasado destin\u00f3 m\u00e1s de 26,000 millones de d\u00f3lares a financiar inversiones relacionadas con el cambio clim\u00e1tico en pa\u00edses en desarrollo, una cifra que esperan superar este a\u00f1o.\u00a0<\/p>\n\n\n\n<p>Fuente: <a href=\"https:\/\/www.forbes.com.mx\/el-bm-tratara-de-cuantificar-los-costos-para-la-salud-por-la-crisis-climatica\/\" data-type=\"URL\" data-id=\"https:\/\/www.forbes.com.mx\/el-bm-tratara-de-cuantificar-los-costos-para-la-salud-por-la-crisis-climatica\/\">Forbes<\/a> <\/p>\n","protected":false},"excerpt":{"rendered":"<p>El Banco Mundial tratar\u00e1 de contabilizar el costo econ\u00f3mico de los efectos en la salud por la crisis clim\u00e1tica, un proyecto que est\u00e1 siendo acogido \u201ccon muy buena receptividad\u201d&nbsp;por parte de los ministerios de Salud y Finanzas de varios pa\u00edses, asegur\u00f3 a EFE el director de Salud del organismo, Juan Pablo Uribe. \u201cDebemos conocer mucho [&hellip;]<\/p>\n","protected":false},"author":35,"featured_media":43237,"comment_status":"open","ping_status":"open","sticky":false,"template":"","format":"standard","meta":{"_monsterinsights_skip_tracking":false,"_monsterinsights_sitenote_active":false,"_monsterinsights_sitenote_note":"","_monsterinsights_sitenote_category":0,"footnotes":""},"categories":[181],"tags":[8493,5706,6089,10366,193,22910],"class_list":["post-92541","post","type-post","status-publish","format-standard","has-post-thumbnail","hentry","category-internacional","tag-banco-mundial","tag-costos","tag-crisis-climatica","tag-cuantificar","tag-salud","tag-tratara","wp-image-borders"],"amp_enabled":true,"_links":{"self":[{"href":"https:\/\/nvnoticias.mx\/index.php\/wp-json\/wp\/v2\/posts\/92541","targetHints":{"allow":["GET"]}}],"collection":[{"href":"https:\/\/nvnoticias.mx\/index.php\/wp-json\/wp\/v2\/posts"}],"about":[{"href":"https:\/\/nvnoticias.mx\/index.php\/wp-json\/wp\/v2\/types\/post"}],"author":[{"embeddable":true,"href":"https:\/\/nvnoticias.mx\/index.php\/wp-json\/wp\/v2\/users\/35"}],"replies":[{"embeddable":true,"href":"https:\/\/nvnoticias.mx\/index.php\/wp-json\/wp\/v2\/comments?post=92541"}],"version-history":[{"count":3,"href":"https:\/\/nvnoticias.mx\/index.php\/wp-json\/wp\/v2\/posts\/92541\/revisions"}],"predecessor-version":[{"id":92544,"href":"https:\/\/nvnoticias.mx\/index.php\/wp-json\/wp\/v2\/posts\/92541\/revisions\/92544"}],"wp:featuredmedia":[{"embeddable":true,"href":"https:\/\/nvnoticias.mx\/index.php\/wp-json\/wp\/v2\/media\/43237"}],"wp:attachment":[{"href":"https:\/\/nvnoticias.mx\/index.php\/wp-json\/wp\/v2\/media?parent=92541"}],"wp:term":[{"taxonomy":"category","embeddable":true,"href":"https:\/\/nvnoticias.mx\/index.php\/wp-json\/wp\/v2\/categories?post=92541"},{"taxonomy":"post_tag","embeddable":true,"href":"https:\/\/nvnoticias.mx\/index.php\/wp-json\/wp\/v2\/tags?post=92541"}],"curies":[{"name":"wp","href":"https:\/\/api.w.org\/{rel}","templated":true}]}}