{"id":92515,"date":"2023-02-01T10:05:22","date_gmt":"2023-02-01T16:05:22","guid":{"rendered":"https:\/\/nvnoticias.mx\/?p=92515"},"modified":"2023-02-01T10:05:24","modified_gmt":"2023-02-01T16:05:24","slug":"se-retira-tom-brady-de-la-nfl","status":"publish","type":"post","link":"https:\/\/nvnoticias.mx\/index.php\/2023\/02\/01\/se-retira-tom-brady-de-la-nfl\/","title":{"rendered":"Se retira Tom Brady de la NFL"},"content":{"rendered":"\n<p>La estrella del f\u00fatbol americano\u00a0Tom Brady\u00a0anunci\u00f3 que se retirar\u00e1 de la Liga Nacional de F\u00fatbol Americano (NFL) en un video publicado en l\u00ednea.<\/p>\n\n\n\n<blockquote class=\"wp-block-quote is-layout-flow wp-block-quote-is-layout-flow\"><p>\u201cVoy a ir al grano de inmediato. Me retiro, para siempre\u201d, dijo Brady en el video.<\/p><\/blockquote>\n\n\n\n<blockquote class=\"wp-block-quote is-layout-flow wp-block-quote-is-layout-flow\"><p>\u201cS\u00e9 que el proceso fue algo grande la vez pasada, as\u00ed que cuando me despert\u00e9 esta ma\u00f1ana, pens\u00e9 que lo mejor era empezar a grabar el video y dejarles saber\u201d, dice Brady en el video. \u201cNo me voy a extender. En la vida uno debe tener un solo ensayo largo para anunciar el retiro, y yo ya us\u00e9 el m\u00edo el a\u00f1o pasado.<\/p><\/blockquote>\n\n\n\n<p>Brady, siete veces campe\u00f3n\u00a0del Super Bowl, tambi\u00e9n\u00a0anunci\u00f3 su retiro el a\u00f1o pasado, solo para decir que regresar\u00eda a la liga unas semanas m\u00e1s tarde en marzo. El mariscal de campo llev\u00f3 a los\u00a0Tampa Bay Buccaneers\u00a0a un r\u00e9cord de 8-9 y a los playoffs, perdiendo ante los Dallas Cowboys en la ronda de comodines.<\/p>\n\n\n\n<p>Ha sido un per\u00edodo tumultuoso fuera del campo para Brady.\u00a0\u00c9l y la modelo Gisele Bundchen finalizaron su divorcio en octubre, poniendo fin a una uni\u00f3n de 13 a\u00f1os entre dos de las personas con mayores ingresos en el mundo del deporte y la moda.<\/p>\n\n\n\n<p>Fuente: <a href=\"https:\/\/www.elfinanciero.com.mx\/bloomberg\/2023\/02\/01\/tom-brady-se-retira-de-la-nfl-me-retiro-para-siempre\/\" data-type=\"URL\" data-id=\"https:\/\/www.elfinanciero.com.mx\/bloomberg\/2023\/02\/01\/tom-brady-se-retira-de-la-nfl-me-retiro-para-siempre\/\">El Financiero<\/a> <\/p>\n","protected":false},"excerpt":{"rendered":"<p>La estrella del f\u00fatbol americano\u00a0Tom Brady\u00a0anunci\u00f3 que se retirar\u00e1 de la Liga Nacional de F\u00fatbol Americano (NFL) en un video publicado en l\u00ednea. \u201cVoy a ir al grano de inmediato. Me retiro, para siempre\u201d, dijo Brady en el video. \u201cS\u00e9 que el proceso fue algo grande la vez pasada, as\u00ed que cuando me despert\u00e9 esta [&hellip;]<\/p>\n","protected":false},"author":35,"featured_media":7486,"comment_status":"open","ping_status":"open","sticky":false,"template":"","format":"standard","meta":{"_monsterinsights_skip_tracking":false,"_monsterinsights_sitenote_active":false,"_monsterinsights_sitenote_note":"","_monsterinsights_sitenote_category":0,"footnotes":""},"categories":[159],"tags":[97,507],"class_list":["post-92515","post","type-post","status-publish","format-standard","has-post-thumbnail","hentry","category-deportes","tag-nfl","tag-tom-brady","wp-image-borders"],"amp_enabled":true,"_links":{"self":[{"href":"https:\/\/nvnoticias.mx\/index.php\/wp-json\/wp\/v2\/posts\/92515","targetHints":{"allow":["GET"]}}],"collection":[{"href":"https:\/\/nvnoticias.mx\/index.php\/wp-json\/wp\/v2\/posts"}],"about":[{"href":"https:\/\/nvnoticias.mx\/index.php\/wp-json\/wp\/v2\/types\/post"}],"author":[{"embeddable":true,"href":"https:\/\/nvnoticias.mx\/index.php\/wp-json\/wp\/v2\/users\/35"}],"replies":[{"embeddable":true,"href":"https:\/\/nvnoticias.mx\/index.php\/wp-json\/wp\/v2\/comments?post=92515"}],"version-history":[{"count":4,"href":"https:\/\/nvnoticias.mx\/index.php\/wp-json\/wp\/v2\/posts\/92515\/revisions"}],"predecessor-version":[{"id":92519,"href":"https:\/\/nvnoticias.mx\/index.php\/wp-json\/wp\/v2\/posts\/92515\/revisions\/92519"}],"wp:featuredmedia":[{"embeddable":true,"href":"https:\/\/nvnoticias.mx\/index.php\/wp-json\/wp\/v2\/media\/7486"}],"wp:attachment":[{"href":"https:\/\/nvnoticias.mx\/index.php\/wp-json\/wp\/v2\/media?parent=92515"}],"wp:term":[{"taxonomy":"category","embeddable":true,"href":"https:\/\/nvnoticias.mx\/index.php\/wp-json\/wp\/v2\/categories?post=92515"},{"taxonomy":"post_tag","embeddable":true,"href":"https:\/\/nvnoticias.mx\/index.php\/wp-json\/wp\/v2\/tags?post=92515"}],"curies":[{"name":"wp","href":"https:\/\/api.w.org\/{rel}","templated":true}]}}